{"id":9788,"date":"2019-11-22T20:02:57","date_gmt":"2019-11-22T23:02:57","guid":{"rendered":"http:\/\/terranerdica.com.br\/?p=9788"},"modified":"2019-11-22T20:12:36","modified_gmt":"2019-11-22T23:12:36","slug":"a-vida-invisivel-critica","status":"publish","type":"post","link":"https:\/\/terranerdica.com.br\/index.php\/2019\/11\/22\/a-vida-invisivel-critica\/","title":{"rendered":"A Vida Invis\u00edvel de Eur\u00eddice Gusm\u00e3o | Cr\u00edtica"},"content":{"rendered":"<p>Rio de Janeiro, anos 50, filhas de uma fam\u00edlia tradicional portuguesa, as jovens irm\u00e3s Eur\u00eddice\u00a0<strong>(Carol Duarte)<\/strong>\u00a0e Guida\u00a0<strong>(J\u00falia Stockler)<\/strong>\u00a0s\u00e3o grandes companheiras. Apesar de extremamente diferentes uma da outra, as duas possuem uma rela\u00e7\u00e3o de cumplicidade \u00edmpar. Eur\u00eddice \u00e9 introspectiva, leal a fam\u00edlia e focada, sonha em estudar piano num conservat\u00f3rio em Viena. J\u00e1 Guida \u00e9 intensa, rebelde e impulsiva, se apaixonou por um marinheiro grego logo no primeiro encontro e decidiu fugir de casa para viver o sonho de um amor eterno. Sem contar para a irm\u00e3 que sua escapada era definitiva, Guida pede ajuda a Eur\u00eddice, que a auxilia a sair de casa sem que Manoel\u00a0<strong>(Ant\u00f4nio Fonseca)<\/strong>, o patriarca conservador, perceba. Com isso, a jovem parte para a Gr\u00e9cia, abandonando a fam\u00edlia e Eur\u00eddice, deixando apenas uma carta de despedida.<\/p>\n<p>Meses se passam e Guida volta para o Brasil sozinha e gr\u00e1vida de um menino. Seu primeiro impulso \u00e9 retornar imediatamente para sua antiga casa em busca da irm\u00e3 que tanto sentia saudades, no entanto, ao chegar l\u00e1, se depara somente com a m\u00e3e Ana\u00a0<strong>(Fl\u00e1via Gusm\u00e3o)<\/strong>\u00a0e seu pai. Manoel, ainda revoltado com a fuga da filha mais velha, expulsa ela de casa e mente para Guida, dizendo que Eur\u00eddice se mudou para \u00c1ustria e estava estudando no conservat\u00f3rio que ela tanto sonhava, quando, na verdade, a vida de Eur\u00eddice havia tomado um rumo completamente diferente. A irm\u00e3 mais nova de Guida se casara com Antenor\u00a0<strong>(Greg\u00f3rio Duvivier)<\/strong>\u00a0e ainda vivia no Rio de Janeiro, na casa de seu marido. Desolada com a aus\u00eancia da irm\u00e3 e a expuls\u00e3o de casa, Guida procura abrigo e tenta sobreviver no sub\u00farbio carioca, enquanto escreve cartas diariamente para a irm\u00e3, na esperan\u00e7a de um dia reencontra-la.<\/p>\n<p><img loading=\"lazy\" decoding=\"async\" width=\"350\" height=\"250\" class=\"alignright size-jnews-350x250 wp-image-9793\" src=\"http:\/\/terranerdica.com.br\/wp-content\/uploads\/2019\/11\/280819E-350x250.jpg\" alt=\"\" srcset=\"https:\/\/terranerdica.com.br\/wp-content\/uploads\/2019\/11\/280819E-350x250.jpg 350w, https:\/\/terranerdica.com.br\/wp-content\/uploads\/2019\/11\/280819E-120x86.jpg 120w\" sizes=\"(max-width: 350px) 100vw, 350px\" \/><\/p>\n<p>Esta sinopse \u00e9 apenas o in\u00edcio da hist\u00f3ria descrito de forma breve e geral. Intenso, n\u00e3o? Pois \u00e9 isso que\u00a0<strong>A Vida Invis\u00edvel de Eur\u00eddice Gusm\u00e3o<\/strong>\u00a0\u00e9: um filme intenso. Baseado em um livro hom\u00f4nimo, o roteiro escrito por\u00a0<strong>Karin A\u00efnouz, In\u00e9s Botagaray e Murilo\u00a0Hauser<\/strong> se inspira no g\u00eanero liter\u00e1rio do melodrama cl\u00e1ssico para entregar esta for\u00e7a. Literatura essa que acaba sendo representada em tela, visto que as cartas de Guida sempre s\u00e3o declamadas em\u00a0off, num tom saudosista e melanc\u00f3lico, fazendo a liga\u00e7\u00e3o entre as duas irm\u00e3s que vivem realidades t\u00e3o distintas. Atrav\u00e9s desta dicotomia de realidades, vemos uma tem\u00e1tica em comum entre as protagonistas: a invisibiliza\u00e7\u00e3o social da mulher em uma sociedade patriarcal. Enquanto Guida \u00e9 subestimada e hiperssexualizada por homens na rua e no ambiente de trabalho, Eur\u00eddice \u00e9 ignorada e silenciada dentro da pr\u00f3pria casa. E \u00e9 atrav\u00e9s dessa cr\u00edtica social que o filme imprime sua intensidade.<\/p>\n<p><strong>Karin A\u00efnouz<\/strong>, que tamb\u00e9m dirige o filme, se interessa particularmente em filmar as suas protagonistas e as rea\u00e7\u00f5es delas. Aliado a essas excelentes atrizes, sua c\u00e2mera foca suas rea\u00e7\u00f5es perante \u00e0s situa\u00e7\u00f5es desconfort\u00e1veis pelas quais elas passam. Como exemplo mais evidente, podemos observar as cenas de sexo do filme, que sempre buscam ocultar a figura masculina em detrimento da filmagem dos rostos das protagonistas. Para ilustrar isso, podemos pegar a lua de mel de Eur\u00eddice, onde o sexo ocorre ap\u00f3s uma sucess\u00e3o de trapalhadas e, quando o ato \u00e9 consumado, observamos o casal filmado de cima \u2013 evocando um certo distanciamento entre os dois \u2013 com Antenor de costas para a c\u00e2mera e sua esposa extremamente desconfort\u00e1vel e, em alguns momentos, sentindo dor. Durante todo o filme, a figura masculina \u00e9 retratada como opressiva, at\u00e9 mesmo nos momentos mais tranquilos, justamente para evidenciar esta sociedade que trata a mulher exclusivamente como objeto. Em contrapartida (com exce\u00e7\u00e3o de Ana, m\u00e3e de Eur\u00eddice e Guida, que \u00e9 submissa ao marido), as personagens femininas s\u00e3o representadas como ternas, compreens\u00edveis e acolhedoras.<\/p>\n<p><img loading=\"lazy\" decoding=\"async\" width=\"350\" height=\"250\" class=\"alignleft size-jnews-350x250 wp-image-9792\" src=\"http:\/\/terranerdica.com.br\/wp-content\/uploads\/2019\/11\/filme..-350x250.png\" alt=\"\" srcset=\"https:\/\/terranerdica.com.br\/wp-content\/uploads\/2019\/11\/filme..-350x250.png 350w, https:\/\/terranerdica.com.br\/wp-content\/uploads\/2019\/11\/filme..-120x86.png 120w\" sizes=\"(max-width: 350px) 100vw, 350px\" \/><\/p>\n<p>Para corroborar com esta atmosfera, vale se observar o trabalho impec\u00e1vel da fotografia de\u00a0<strong>H\u00e9l\u00e8ne Louvart<\/strong>,\u00a0que, ao evocar a expressividade do melodrama, pinta a tela com cores bem evidentes e vivas para expor os sentimentos das protagonistas. Quando o momento \u00e9 de melancolia, o azul e o verde se fazem presente, como por exemplo no nascimento do filho de Guida, fruto de uma gravidez indesejada. J\u00e1 em momentos saudosistas e de ternura o vermelho aparece com mais for\u00e7a, como quando Eur\u00eddice realiza uma audi\u00e7\u00e3o de piano e toca as notas com fervor lembrando da irm\u00e3 ausente. H\u00e1, tamb\u00e9m, o amarelo das roupas de Guida representando a sua luta por sobreviv\u00eancia e a sua mudan\u00e7a de personalidade ao se tornar decidida e batalhadora, gra\u00e7as a situa\u00e7\u00e3o em que se encontra. Estes s\u00e3o alguns exemplos das pinturas mostradas a cada quadro deste longa-metragem.<\/p>\n<p>A sua liga\u00e7\u00e3o com a arte n\u00e3o acaba por a\u00ed, al\u00e9m de evocar a literatura com as cartas de Guida e a pintura \u2013 de certa forma\u2013 com a fotografia, a trilha sonora tamb\u00e9m serve para conduzir bem os momentos da narrativa, atrav\u00e9s dos concertos solos de Eur\u00eddice. Suas notas tocam com vivacidade e rapidez em momentos de euforia e lembran\u00e7a da irm\u00e3, mas, nos momentos de tristeza profunda, as notas passam a se tornar erradicas, melanc\u00f3licas.<\/p>\n<p>A Vida Invis\u00edvel de Eur\u00eddice Gusm\u00e3o \u00e9 um filme tocante, uma hist\u00f3ria real e facilmente relacion\u00e1vel devido a sua tem\u00e1tica universal e cruelmente atual. \u00c9 uma hist\u00f3ria sobre como mulheres s\u00e3o subestimadas por uma sociedade regida por um sistema essencialmente mis\u00f3gino e patriarcal. \u00c9, tamb\u00e9m, uma\u00a0 hist\u00f3ria sobre amor entre irm\u00e3s e sobre como a esperan\u00e7a de um reencontro d\u00e1 for\u00e7as para que estas personagens sobrevivam (e vivem, como evidenciado na idosa Eur\u00eddice interpretada por <strong>Fernanda Montenegro<\/strong> no tocante ep\u00edlogo). \u00c9 uma hist\u00f3ria que acha beleza na tristeza e que, definitivamente, vale ser vista.<\/p>\n<p><img loading=\"lazy\" decoding=\"async\" width=\"350\" height=\"250\" class=\"alignright size-jnews-350x250 wp-image-9791\" src=\"http:\/\/terranerdica.com.br\/wp-content\/uploads\/2019\/11\/15290215015b23043d1124e_1529021501_3x2_rt-350x250.jpg\" alt=\"\" srcset=\"https:\/\/terranerdica.com.br\/wp-content\/uploads\/2019\/11\/15290215015b23043d1124e_1529021501_3x2_rt-350x250.jpg 350w, https:\/\/terranerdica.com.br\/wp-content\/uploads\/2019\/11\/15290215015b23043d1124e_1529021501_3x2_rt-120x86.jpg 120w, https:\/\/terranerdica.com.br\/wp-content\/uploads\/2019\/11\/15290215015b23043d1124e_1529021501_3x2_rt-750x536.jpg 750w, https:\/\/terranerdica.com.br\/wp-content\/uploads\/2019\/11\/15290215015b23043d1124e_1529021501_3x2_rt-1140x815.jpg 1140w\" sizes=\"(max-width: 350px) 100vw, 350px\" \/><\/p>\n<p><strong>A Vida Invis\u00edvel de Eur\u00eddice Gusm\u00e3o estreou no circuito nacional na quinta-feira, dia 21 de novembro.<\/strong><\/p>\n","protected":false},"excerpt":{"rendered":"<p>Rio de Janeiro, anos 50, filhas de uma fam\u00edlia tradicional portuguesa, as jovens irm\u00e3s Eur\u00eddice\u00a0(Carol Duarte)\u00a0e Guida\u00a0(J\u00falia Stockler)\u00a0s\u00e3o grandes companheiras. Apesar de extremamente diferentes uma da outra, as duas possuem uma rela\u00e7\u00e3o de cumplicidade \u00edmpar. Eur\u00eddice \u00e9 introspectiva, leal a fam\u00edlia e focada, sonha em estudar piano num conservat\u00f3rio em Viena. J\u00e1 Guida \u00e9 intensa, [&hellip;]<\/p>\n","protected":false},"author":1,"featured_media":9790,"comment_status":"open","ping_status":"open","sticky":false,"template":"","format":"standard","meta":{"_mi_skip_tracking":false,"_exactmetrics_sitenote_active":false,"_exactmetrics_sitenote_note":"","_exactmetrics_sitenote_category":0,"footnotes":""},"categories":[29],"tags":[120,229,110,231,230,232,228],"class_list":["post-9788","post","type-post","status-publish","format-standard","has-post-thumbnail","hentry","category-filmes","tag-120","tag-carol-duarte","tag-cinema-nacional","tag-fernanda-montenegro","tag-julia-stockler","tag-karin-ainouz","tag-oscar"],"_links":{"self":[{"href":"https:\/\/terranerdica.com.br\/index.php\/wp-json\/wp\/v2\/posts\/9788"}],"collection":[{"href":"https:\/\/terranerdica.com.br\/index.php\/wp-json\/wp\/v2\/posts"}],"about":[{"href":"https:\/\/terranerdica.com.br\/index.php\/wp-json\/wp\/v2\/types\/post"}],"author":[{"embeddable":true,"href":"https:\/\/terranerdica.com.br\/index.php\/wp-json\/wp\/v2\/users\/1"}],"replies":[{"embeddable":true,"href":"https:\/\/terranerdica.com.br\/index.php\/wp-json\/wp\/v2\/comments?post=9788"}],"version-history":[{"count":3,"href":"https:\/\/terranerdica.com.br\/index.php\/wp-json\/wp\/v2\/posts\/9788\/revisions"}],"predecessor-version":[{"id":9796,"href":"https:\/\/terranerdica.com.br\/index.php\/wp-json\/wp\/v2\/posts\/9788\/revisions\/9796"}],"wp:featuredmedia":[{"embeddable":true,"href":"https:\/\/terranerdica.com.br\/index.php\/wp-json\/wp\/v2\/media\/9790"}],"wp:attachment":[{"href":"https:\/\/terranerdica.com.br\/index.php\/wp-json\/wp\/v2\/media?parent=9788"}],"wp:term":[{"taxonomy":"category","embeddable":true,"href":"https:\/\/terranerdica.com.br\/index.php\/wp-json\/wp\/v2\/categories?post=9788"},{"taxonomy":"post_tag","embeddable":true,"href":"https:\/\/terranerdica.com.br\/index.php\/wp-json\/wp\/v2\/tags?post=9788"}],"curies":[{"name":"wp","href":"https:\/\/api.w.org\/{rel}","templated":true}]}}