{"id":6256,"date":"2018-07-26T19:46:03","date_gmt":"2018-07-26T22:46:03","guid":{"rendered":"http:\/\/localhost\/terranerdica\/?p=6256"},"modified":"2019-10-09T01:49:58","modified_gmt":"2019-10-09T04:49:58","slug":"ficcao-cientifica-lancamentos-literarios-flip-2018-e-jar-jar-binks","status":"publish","type":"post","link":"https:\/\/terranerdica.com.br\/index.php\/2018\/07\/26\/ficcao-cientifica-lancamentos-literarios-flip-2018-e-jar-jar-binks\/","title":{"rendered":"Fic\u00e7\u00e3o Cient\u00edfica | Lan\u00e7amentos liter\u00e1rios, FLIP 2018 e Jar Jar Binks"},"content":{"rendered":"<p>Bora falar um pouco de fic\u00e7\u00e3o cient\u00edfica e livros? Essa semana \u00e9 da <strong>Feira Liter\u00e1ria Internacional de Paraty<\/strong> (FLIP 2018). Al\u00e9m disso, falamos um pouco de dois lan\u00e7amentos desse m\u00eas, <strong>Jar Jar Binks<\/strong>, a <strong>Bienal do Livro de SP<\/strong>, e muito mais!<\/p>\n<p><!--more--><\/p>\n<div><a href=\"http:\/\/localhost\/terranerdica\/wp-content\/uploads\/2018\/07\/ahmed-best.jpg\"><img loading=\"lazy\" decoding=\"async\" class=\"wp-image-6260 alignright\" src=\"http:\/\/localhost\/terranerdica\/wp-content\/uploads\/2018\/07\/ahmed-best-218x300.jpg\" alt=\"\" width=\"225\" height=\"310\" \/><\/a>Lembrando que no in\u00edcio do m\u00eas o ator <strong>Ahmed Best<\/strong>, que interpretou Jar Jar Binks na franquia <em>Star Wars<\/em>, saiu a p\u00fablico no <strong>Twitter<\/strong> para desabafar que, devido aos coment\u00e1rios e zoa\u00e7\u00f5es contra o personagem, ele chegou a considerar suic\u00eddio ap\u00f3s representar Jar Jar nos Epis\u00f3dios I, II e III. O ator recebeu at\u00e9 mesmo amea\u00e7as de morte por parte dos &#8220;f\u00e3s&#8221; da franquia. Mesmo com tanta negatividade, o ator seguiu emprestando sua voz ao personagem durante a s\u00e9rie animada <em>Star Wars: The Clone Wars<\/em> e em suas outras apari\u00e7\u00f5es. Felizmente, Ahmed desistiu dessa ideia, e recebeu muito <a href=\"https:\/\/cinemacomrapadura.com.br\/noticias\/500258\/ahmed-best-ator-que-deu-vida-a-jar-jar-binks-agradece-apoio-e-carinho-depois-de-revelacao\/\">apoio de figuras p\u00fablicas e f\u00e3s<\/a> ap\u00f3s o desabafo. Saiba mais <a href=\"https:\/\/veja.abril.com.br\/entretenimento\/star-wars-ator-que-fez-jar-jar-binks-considerou-suicidio-apos-criticas\/\">aqui<\/a>.<\/div>\n<div>\u00c9 claro que nenhum <em>fandom<\/em> est\u00e1 isento de racistas, xen\u00f3fobos, e outras pessoas t\u00f3xicas e extremistas, e <em>Star Wars<\/em> n\u00e3o \u00e9 exce\u00e7\u00e3o. Vale lembrar que toda a\u00e7\u00e3o possui consequ\u00eancias, e como diria <strong>Alvo Dumbledore<\/strong> &#8220;Palavras s\u00e3o, na minha nada humilde opini\u00e3o, nossa inesgot\u00e1vel fonte de magia. Capazes de formar grandes sofrimentos e tamb\u00e9m de remedi\u00e1-los.&#8221;<\/div>\n<div><\/div>\n<div><a href=\"http:\/\/localhost\/terranerdica\/wp-content\/uploads\/2018\/07\/giphy.gif\"><img loading=\"lazy\" decoding=\"async\" class=\"size-medium wp-image-6259 alignleft\" src=\"http:\/\/localhost\/terranerdica\/wp-content\/uploads\/2018\/07\/giphy-300x130.gif\" alt=\"\" width=\"300\" height=\"130\" \/><\/a>Francamente, rea\u00e7\u00f5es desse cal\u00e3o s\u00e3o mais que desnecess\u00e1rias, s\u00e3o prejudiciais. Al\u00e9m disso, ignoram a import\u00e2ncia do personagem para a carreira do ator, e para a pr\u00f3pria hist\u00f3ria da franquia. Imposs\u00edvel deixar de mencionar e repudiar o ocorrido, e tamb\u00e9m comemorar a vit\u00f3ria do ator sobre os coment\u00e1rios nocivos que o afetaram tanto. Que a For\u00e7a esteja com voc\u00ea, Ahmed!<\/div>\n<div><\/div>\n<div>Falando de fic\u00e7\u00e3o cient\u00edfica, dois lan\u00e7amentos liter\u00e1rios desse m\u00eas chamaram a aten\u00e7\u00e3o. Confiram:<\/div>\n<div><\/div>\n<h3>Flores Para Algernon \u2013\u00a0Daniel Keyes<\/h3>\n<div><a href=\"http:\/\/localhost\/terranerdica\/wp-content\/uploads\/2018\/07\/flores-para-algernon.jpg\"><img loading=\"lazy\" decoding=\"async\" class=\" wp-image-6267 alignright\" src=\"http:\/\/localhost\/terranerdica\/wp-content\/uploads\/2018\/07\/flores-para-algernon-185x300.jpg\" alt=\"\" width=\"208\" height=\"337\" \/><\/a><em>Flores Para Algernon<\/em> \u00e9 um cl\u00e1ssico da fic\u00e7\u00e3o cient\u00edfica, originalmente publicado em 1959 como conto e como romance completo em 1966, e que agora foi relan\u00e7ado em uma edi\u00e7\u00e3o linda da <strong>Editora Aleph<\/strong>. O livro conta a hist\u00f3ria de <strong>Charlie Gordon<\/strong>, que possu\u00eda uma defici\u00eancia intelectual bem agravada, mas que desejava ser inteligente. Charlie, ent\u00e3o, passa por uma cirurgia inovadora, mas quando desperta, nota que o novo mundo \u00e9 angustiante e essa seria sua nova exist\u00eancia a partir de ent\u00e3o, quando se torna superdotado. O livro n\u00e3o se at\u00e9m apenas ao g\u00eanero fic\u00e7\u00e3o cient\u00edfica, mas traz muitas notas de drama, e certamente vai balan\u00e7ar o cora\u00e7\u00e3o de qualquer leitor. Contando com mais de 50 anos de exist\u00eancia, o romance ganhou pr\u00eamios como o <em>Hugo Award<\/em> e o <em>Nebula Award<\/em>.<\/div>\n<div><\/div>\n<h3>Calamidade (S\u00e9rie Executores)\u00a0\u2013 Brandon Sanderson<\/h3>\n<div><a href=\"http:\/\/localhost\/terranerdica\/wp-content\/uploads\/2018\/07\/calamidade.jpg\"><img loading=\"lazy\" decoding=\"async\" class=\"size-medium wp-image-6271 alignleft\" src=\"http:\/\/localhost\/terranerdica\/wp-content\/uploads\/2018\/07\/calamidade-210x300.jpg\" alt=\"\" width=\"210\" height=\"300\" \/><\/a><em>Calamidade<\/em>, terceiro volume da trilogia <em>Executores<\/em>, \u00e9 uma hist\u00f3ria de fic\u00e7\u00e3o cient\u00edfica que mistura com\u00e9dia, a\u00e7\u00e3o, superpoderes, em um ambiente dist\u00f3pico e emocionante. Seguindo a hist\u00f3ria de <em>Cora\u00e7\u00e3o de A\u00e7o<\/em> e <em>Tormenta de Fogo<\/em>, \u00e9 chegada a hora de ver o \u00e9pico final da luta entre <strong>David Charleston<\/strong> e os <strong>\u00c9picos<\/strong>. Ele precisa buscar a estrela vermelha <strong>Calamidade<\/strong> para poder ganhar esse duelo. <strong>Brandon Sanderson<\/strong> chegou em primeiro lugar na lista dos mais vendidos do <strong>The New York Times<\/strong> com os dois romances anteriores, e certamente essa conclus\u00e3o ser\u00e1 do mesmo n\u00edvel!<\/div>\n<div><\/div>\n<h3>Casa Fant\u00e1stica (FLIP 2018)<\/h3>\n<div>\u00a0E essa semana come\u00e7ou a FLIP 2018! O evento internacional teve in\u00edcio esta quarta-feira (25) e vai at\u00e9 domingo (29\/07). Acontecendo agora na cidade hist\u00f3rica de <a href=\"http:\/\/localhost\/terranerdica\/wp-content\/uploads\/2018\/07\/flip2005e2006-cartaz.jpg\"><img loading=\"lazy\" decoding=\"async\" class=\"size-medium wp-image-6275 alignright\" src=\"http:\/\/localhost\/terranerdica\/wp-content\/uploads\/2018\/07\/flip2005e2006-cartaz-300x213.jpg\" alt=\"\" width=\"300\" height=\"213\" \/><\/a>Paraty, a 16\u00aa edi\u00e7\u00e3o da FLIP contou com abertura de <strong>Fernanda Montenegro<\/strong>, e a homenageada da vez \u00e9 a autora brasileira <strong>Hilda Hirst<\/strong>. Um dos destaques da feira ser\u00e1 a <strong>Casa Fant\u00e1stica<\/strong>, que contar\u00e1 com in\u00fameros t\u00edtulos dos g\u00eaneros fantasia e fic\u00e7\u00e3o cient\u00edfica, sendo a primeira casa dedicada aos temas da FLIP. A Casa funcionar\u00e1 &#8220;paralelamente&#8221; ao evento, e tamb\u00e9m ter\u00e1 suas mesas de debate, feira de livros, oficinas liter\u00e1rias, etc. Para mais informa\u00e7\u00f5es sobre a Casa e hor\u00e1rios, clique <a href=\"http:\/\/casafantastica.cf\/\">aqui<\/a>.<\/div>\n<div>Al\u00e9m disso, em <strong>agosto<\/strong> ocorre a <strong>25\u00aa Bienal Internacional do Livro de S\u00e3o Paulo<\/strong>, entre os dias 03 e 12, locazilada no Pavilh\u00e3o do Anhembi. Para mais informa\u00e7\u00f5es sobre a Bienal, siga o <a href=\"http:\/\/www.bienaldolivrosp.com.br\/\">link<\/a>.<\/div>\n<div><\/div>\n<div><strong>Boa leitura!<\/strong><\/div>\n","protected":false},"excerpt":{"rendered":"<p>Bora falar um pouco de fic\u00e7\u00e3o cient\u00edfica e livros? Essa semana \u00e9 da Feira Liter\u00e1ria Internacional de Paraty (FLIP 2018). Al\u00e9m disso, falamos um pouco de dois lan\u00e7amentos desse m\u00eas, Jar Jar Binks, a Bienal do Livro de SP, e muito mais!<\/p>\n","protected":false},"author":3,"featured_media":0,"comment_status":"closed","ping_status":"closed","sticky":false,"template":"","format":"standard","meta":{"_mi_skip_tracking":false,"_exactmetrics_sitenote_active":false,"_exactmetrics_sitenote_note":"","_exactmetrics_sitenote_category":0,"footnotes":""},"categories":[1],"tags":[],"class_list":["post-6256","post","type-post","status-publish","format-standard","hentry","category-sem-categoria"],"_links":{"self":[{"href":"https:\/\/terranerdica.com.br\/index.php\/wp-json\/wp\/v2\/posts\/6256"}],"collection":[{"href":"https:\/\/terranerdica.com.br\/index.php\/wp-json\/wp\/v2\/posts"}],"about":[{"href":"https:\/\/terranerdica.com.br\/index.php\/wp-json\/wp\/v2\/types\/post"}],"author":[{"embeddable":true,"href":"https:\/\/terranerdica.com.br\/index.php\/wp-json\/wp\/v2\/users\/3"}],"replies":[{"embeddable":true,"href":"https:\/\/terranerdica.com.br\/index.php\/wp-json\/wp\/v2\/comments?post=6256"}],"version-history":[{"count":1,"href":"https:\/\/terranerdica.com.br\/index.php\/wp-json\/wp\/v2\/posts\/6256\/revisions"}],"predecessor-version":[{"id":9222,"href":"https:\/\/terranerdica.com.br\/index.php\/wp-json\/wp\/v2\/posts\/6256\/revisions\/9222"}],"wp:attachment":[{"href":"https:\/\/terranerdica.com.br\/index.php\/wp-json\/wp\/v2\/media?parent=6256"}],"wp:term":[{"taxonomy":"category","embeddable":true,"href":"https:\/\/terranerdica.com.br\/index.php\/wp-json\/wp\/v2\/categories?post=6256"},{"taxonomy":"post_tag","embeddable":true,"href":"https:\/\/terranerdica.com.br\/index.php\/wp-json\/wp\/v2\/tags?post=6256"}],"curies":[{"name":"wp","href":"https:\/\/api.w.org\/{rel}","templated":true}]}}