{"id":5399,"date":"2018-02-26T15:49:45","date_gmt":"2018-02-26T18:49:45","guid":{"rendered":"http:\/\/localhost\/terranerdica\/?p=5399"},"modified":"2020-04-14T00:19:06","modified_gmt":"2020-04-14T03:19:06","slug":"universo-cinematico-marvel-em-ordem-cronologica","status":"publish","type":"post","link":"https:\/\/terranerdica.com.br\/index.php\/2018\/02\/26\/universo-cinematico-marvel-em-ordem-cronologica\/","title":{"rendered":"Universo Cinem\u00e1tico Marvel em ordem cronol\u00f3gica"},"content":{"rendered":"<p>Est\u00e1 havendo muito a discuss\u00e3o sobre a ordem cronol\u00f3gica do<strong> Universo Cinem\u00e1tico Marvel,<\/strong> principalmente ap\u00f3s uma confus\u00e3o deixada pelo filme <em><strong>Homem-Aranha: De Volta ao Lar,<\/strong><\/em> e alguns sites vem tentando corrigir de forma err\u00f4nea, pois bem, vamos posicionar os eventos mencionados no Universo Cinem\u00e1tico Marvel em ordem cronol\u00f3gica e explicar por qu\u00ea.<\/p>\n<ul>\n<li style=\"list-style-type: none;\">\n<ul>\n<li><strong>Bor<\/strong> derrota o ex\u00e9rcito dos elfos negros. (pr\u00f3logo de<em><strong> Thor: O Mundo Sombrio<\/strong><\/em>) O filme n\u00e3o deixa claro em que ano aconteceu, mas como a batalha foi liderada por Bor, o pai de <strong>Odin<\/strong>, estima-se que seja o evento mais antigo j\u00e1 mencionado.<\/li>\n<li>Meteoro de <strong>Vibranium<\/strong> cai em <strong>Wakanda<\/strong>. (pr\u00f3logo de <strong><em>Pantera Negra<\/em><\/strong>) O filme n\u00e3o deixa claro em que ano aconteceu, mas menciona que foi h\u00e1 s\u00e9culos e que a humanidade j\u00e1 existia, mas era tribal.<img loading=\"lazy\" decoding=\"async\" class=\"alignright\" src=\"https:\/\/vignette.wikia.nocookie.net\/marvelcinematicuniverse\/images\/e\/eb\/Thor_Ragnarok_54.jpg\/revision\/latest?cb=20170724042356\" alt=\"Resultado de imagem para hela valkyries\" width=\"792\" height=\"242\" \/><\/li>\n<li><strong>Hela<\/strong> enfrenta as valqu\u00edrias (<em>flashback<\/em> de <em><strong>Thor: Ragnarok<\/strong><\/em>) O filme n\u00e3o deixa claro em que ano ocorreu a batalha, mas que quando Hela foi banida, <strong>Thor<\/strong> e <strong>Loki<\/strong> ainda n\u00e3o haviam nascido.<img loading=\"lazy\" decoding=\"async\" class=\"alignleft\" src=\"https:\/\/vignette.wikia.nocookie.net\/marvelcinematicuniverse\/images\/7\/72\/Thor-disneyscreencaps.com-427.jpg\/revision\/latest?cb=20140126145050\" alt=\"Resultado de imagem para odin midgard ice giants loki\" width=\"784\" height=\"284\" \/><\/li>\n<\/ul>\n<\/li>\n<\/ul>\n<p>&nbsp;<\/p>\n<ul>\n<li style=\"list-style-type: none;\">\n<ul>\n<li>965 D.C &#8211; Odin salva <strong>Midgard<\/strong> da invas\u00e3o dos gigantes de gelo e acolhe Loki (pr\u00f3logo de <em><strong>Thor<\/strong><\/em>)<img loading=\"lazy\" decoding=\"async\" class=\"alignright\" src=\"https:\/\/i.ytimg.com\/vi\/HvOkG1HCAbg\/maxresdefault.jpg\" alt=\"Resultado de imagem para Johann Schmidt tesseract\" width=\"787\" height=\"322\" \/><\/li>\n<li>Mar\u00e7o 1942 &#8211;<strong> Johanm Schidmt<\/strong> encontra o <strong>Tesseract<\/strong>;<strong>\u00a0Steve Rogers<\/strong> se torna o<strong> Capit\u00e3o Am\u00e9rica<\/strong> (eventos de <em><strong>Capit\u00e3o Am\u00e9rica: O Primeiro Vingador)<\/strong><\/em><\/li>\n<li>1945 &#8211; Capit\u00e3o Am\u00e9rica desaparece no mar; Fim da <strong>Segunda Guerra Mundial<\/strong>; Nasce a <strong>Shield\u00a0<\/strong>(eventos de <em>Capit\u00e3o Am\u00e9rica: O Primeiro Vingador<\/em>) Os eventos de Capit\u00e3o Am\u00e9rica ocorrem durante anos ap\u00f3s Mar\u00e7o de 1942, estima-se que a aparentemente morte do Capit\u00e3o Am\u00e9rica coincida com o fim da Segunda Guerra, segundo as imagens que a prosseguiram.<img decoding=\"async\" src=\"https:\/\/vignette.wikia.nocookie.net\/marvelcinematicuniverse\/images\/d\/d7\/Stark_Expo_74.png\/revision\/latest?cb=20140904010305\" alt=\"Resultado de imagem para stark expo 1974\" \/><\/li>\n<li>1974 &#8211; Primeira<strong> Stark Expo<\/strong> (mencionado em <em><strong>Homem de Ferro 2<\/strong><\/em>)<img decoding=\"async\" src=\"https:\/\/vignette.wikia.nocookie.net\/marvelcinematicuniverse\/images\/3\/30\/Meredith_%26_Ego_%28Missouri_1980%29.png\/revision\/latest?cb=20170808180402\" alt=\"Resultado de imagem para ego 1980 earth\" \/><\/li>\n<li>1980 &#8211; <strong>Ego<\/strong> come\u00e7a sua expans\u00e3o na <strong>Terra<\/strong> (pr\u00f3logo de <em><strong>Guardi\u00f5es da Gal\u00e1xia Vol. 2<\/strong><\/em>)<img decoding=\"async\" src=\"https:\/\/vignette.wikia.nocookie.net\/marvelcinematicuniverse\/images\/e\/ea\/Milano_on_Eath.png\/revision\/latest?cb=20160529191900\" alt=\"Resultado de imagem para 1988 peter quill\" \/><\/li>\n<li>1988 &#8211; Morre a m\u00e3e de<strong> Peter Quill<\/strong>; Peter Quill \u00e9 abduzido por <strong>Yondu<\/strong> (pr\u00f3logo de <em><strong>Guardi\u00f5es da Gal\u00e1xia<\/strong><\/em>)<img decoding=\"async\" src=\"https:\/\/d1ox703z8b11rg.cloudfront.net\/uploads_image\/02fa26ee-42eb-43e9-9ff5-8b1a3c67abf6\/f000d3e8e1b11ef67c4cb146e7916eaa.jpeg\" alt=\"Resultado de imagem para 1989 hank pym\" \/><\/li>\n<li>1989 &#8211; Morre<strong> Janet Van Dyne<\/strong>; <strong>Hank Pym<\/strong> se demite da Shield (pr\u00f3logo de <em><strong>Homem-Formiga<\/strong><\/em>)<img decoding=\"async\" src=\"https:\/\/78.media.tumblr.com\/c745e8e06368278bef8e54f0845e53bd\/tumblr_inline_oiafz6Mgm81r5p2sp_1280.png\" alt=\"Resultado de imagem para 1991 winter soldier\" \/><\/li>\n<li>1991 &#8211; O <strong>Soldado Invernal<\/strong> mata os pais de Tony Stark (pr\u00f3logo de <em><strong>Capit\u00e3o Am\u00e9rica: Guerra Civil<\/strong><\/em>)<\/li>\n<li>1992 &#8211; <strong>T&#8217;Chaka<\/strong> mata seu irm\u00e3o<strong> N&#8217;Jobu<\/strong> em <strong>Oakland<\/strong> (pr\u00f3logo de <em>Pantera Negra<\/em>)<img decoding=\"async\" src=\"http:\/\/1.bp.blogspot.com\/-z-SQM-jIHJc\/Uko0kGnrYlI\/AAAAAAAAK54\/tIv7W56F2I4\/s1600\/iroman3+new+year%2527s+eve.jpeg\" alt=\"Resultado de imagem para 2000 iron man 3\" \/><\/li>\n<li>2000 &#8211; Tony Stark conhece <strong>Maya Hansen, Aldrich Killian<\/strong> e <strong>Ho Yinsen<\/strong> (pr\u00f3logo de <em>Homem de Ferro 3<\/em>)<img loading=\"lazy\" decoding=\"async\" class=\"alignright\" src=\"https:\/\/www.heyuguys.com\/images\/2012\/03\/Iron-Man-Jericho.png\" alt=\"Resultado de imagem para iron man jericho\" width=\"789\" height=\"302\" \/><\/li>\n<li>2007 &#8211; Tony Stark apresenta ao mundo o m\u00edssil <strong>Jericho<\/strong> e \u00e9 capturado pelos <strong>Dez An\u00e9is<\/strong> (pr\u00f3logo de <em><strong>Homem de Ferro<\/strong><\/em>) Estima-se que tenha se passado meses antes de Tony Stark se libertar em abril de 2008.<\/li>\n<li>Abril de 2008 &#8211; Tony Stark retorna ao mundo; nasce o Homem de Ferro (eventos de <em>Homem de Ferro<\/em>) Dois meses antes de\u00a0<em>Homem de Ferro<\/em> 2, segundo a sinopse oficial<em>.<\/em><img decoding=\"async\" src=\"http:\/\/images.sequart.org\/images\/Stark-Expo-from-Iron-Man-2.jpg\" alt=\"Resultado de imagem para iron man 2 stark expo\" \/><\/li>\n<li>Junho de 2008 &#8211; Tony Stark reabre a Stark Expo (eventos de <em>Homem de Ferro 2<\/em>) Dois meses ap\u00f3s o nascimento do Homem de Ferro, um ano antes de <strong><em>Os Vingadores, <\/em><\/strong>e nove anos antes de\u00a0<strong><em>Homem-Aranha: De Volta ao Lar<\/em><\/strong> segundo\u00a0<strong>Happy Hogan.<\/strong><img decoding=\"async\" src=\"http:\/\/i.imgur.com\/QGy0O2x.jpg\" alt=\"Resultado de imagem para incredible hulk brasil\" \/><\/li>\n<li>Junho de 2008 &#8211; <strong>Bruce Banner<\/strong> \u00e9 ca\u00e7ado no <strong>Brasil<\/strong>, retorna para <strong>Nova York<\/strong> (eventos de <em><strong>O Incr\u00edvel Hulk<\/strong><\/em>) Durante os eventos de <em>Homem de Ferro 2\u00a0<\/em>e um ano antes de\u00a0<em>Os Vingadores\u00a0<\/em>segundo\u00a0<em>Vingadores: Prel\u00fadio<\/em>.<img decoding=\"async\" src=\"https:\/\/vignette.wikia.nocookie.net\/marvelcinematicuniverse\/images\/c\/c6\/Destroyer_vs_Thor.png\/revision\/latest?cb=20141126045616\" alt=\"Resultado de imagem para thor new mexico\" \/><\/li>\n<li>Junho de 2008 &#8211; Thor \u00e9 banido de <strong>Asgard<\/strong> e vive no<strong> Novo M\u00e9xico<\/strong>; <strong>Bifrost<\/strong> \u00e9 destru\u00edda (eventos de <em>Thor<\/em>) Durante os eventos de <em>Homem de Ferro 2\u00a0<\/em>e um ano antes de\u00a0<em>Os Vingadores\u00a0<\/em>segundo<em>\u00a0Vingadores: Prel\u00fadio.<\/em><img decoding=\"async\" src=\"https:\/\/source.superherostuff.com\/wp-content\/uploads\/2015\/12\/Capsicle-Avengers.jpg\" alt=\"Resultado de imagem para captain america ice\" \/><\/li>\n<li>Junho de 2008 &#8211; Capit\u00e3o Am\u00e9rica \u00e9 encontrado no gelo (pr\u00f3logo e ep\u00edlogo de <em>Capit\u00e3o Am\u00e9rica: O Primeiro Vingador<\/em>)\u00a0Durante os eventos de <em>Homem de Ferro 2\u00a0<\/em>e um ano antes de\u00a0<em>Os Vingadores\u00a0<\/em>segundo\u00a0<em>Vingadores: Prel\u00fadio.<\/em><img decoding=\"async\" src=\"https:\/\/vignette.wikia.nocookie.net\/marvelcinematicuniverse\/images\/a\/ac\/Bruce_meditating.jpg\/revision\/latest?cb=20130104081504\" alt=\"Resultado de imagem para bruce banner bella cola\" \/><\/li>\n<li>Julho de 2008 &#8211; Bruce Banner se refugia em <strong>Bella Colla<\/strong>; Tony Stark contata <strong>Thunderbolt Ross<\/strong> (ep\u00edlogo de <em>O Incr\u00edvel Hulk<\/em>) Um m\u00eas ap\u00f3s os eventos de<em> O Incr\u00edvel Hulk\u00a0<\/em>segundo o filme.<img decoding=\"async\" src=\"https:\/\/fandomwire.com\/wp-content\/uploads\/2018\/01\/Avengers-F39BR4.jpg\" alt=\"Resultado de imagem para avengers\" \/><\/li>\n<li>Junho de 2009 &#8211; <em><strong>Batalha de Manhattan<\/strong><\/em>, nasce os <strong>Vingadores<\/strong> (eventos de <em>Os Vingadores<\/em>) Um ano ap\u00f3s os eventos de <em>Homem de Ferro 2 <\/em>e seis meses antes de\u00a0<em>Homem de Ferro 3 <\/em>segundo a sinopse oficial.<img decoding=\"async\" src=\"https:\/\/vignette.wikia.nocookie.net\/marvelcinematicuniverse\/images\/6\/6e\/Toomes_%26_Schultz_%28Battle_of_New_York_-_Homecoming%29.png\/revision\/latest?cb=20170524135357\" alt=\"Resultado de imagem para avengers adrian toomes\" \/><\/li>\n<li>Junho de 2009 &#8211; Empresa de salvamento de <strong>Adrian Toomes<\/strong> \u00e9 assumida pelo <strong>Controle de Danos de Tony Stark<\/strong> (pr\u00f3logo de <em>Homem-Aranha: De Volta ao Lar<\/em>) Imediatamente ap\u00f3s os eventos de <em>Os Vingadores<\/em> e 8 anos antes de <em>Homem-Aranha: De Volta ao Lar\u00a0<\/em>segundo a sinopse oficial.<img loading=\"lazy\" decoding=\"async\" class=\"aligncenter\" src=\"http:\/\/therebelchick.com\/wp-content\/uploads\/2013\/05\/iron-man-3-the-mandarin-attacks-tony-stark.jpg\" alt=\"Resultado de imagem para iron man 3 mandarin attacks\" width=\"788\" height=\"444\" \/><\/li>\n<\/ul>\n<\/li>\n<li>Dezembro de 2009 &#8211; <strong>Mandarim<\/strong> ataca; Tony Stark se desfaz do <strong>Reator Ark<\/strong> (eventos de <em>Homem de Ferro 3<\/em>) Seis meses ap\u00f3s os eventos de <em>Os Vingadores\u00a0<\/em>segundo a sinopse oficial.<img decoding=\"async\" src=\"https:\/\/vignette.wikia.nocookie.net\/marvelcinematicuniverse\/images\/c\/c7\/Capture.PNG\/revision\/latest?cb=20160609143126\" alt=\"Resultado de imagem para thor dark world greenwich alignment\" \/><\/li>\n<li>Junho de 2010 &#8211; Alinhamento dos Reinos em <strong>Greenwich<\/strong> (eventos de <strong><em>Thor: O Mundo Sombrio<\/em><\/strong>) Um ano ap\u00f3s os eventos de <em>Os Vingadores\u00a0<\/em>segundo a sinopse oficial.<img decoding=\"async\" src=\"https:\/\/vignette.wikia.nocookie.net\/marvelcinematicuniverse\/images\/a\/a7\/Battle_of_Triskelion_2.png\/revision\/latest?cb=20141126070557\" alt=\"Resultado de imagem para triskelion fall\" \/><\/li>\n<li>Junho de 2011 &#8211; Atentado de <strong>Washington DC<\/strong>; fim da <strong>Shield<\/strong> (eventos de <em><strong>Capit\u00e3o Am\u00e9rica: O Soldado Invernal<\/strong><\/em>) Dois anos ap\u00f3s os eventos de <em>Os Vingadores\u00a0<\/em>segundo a sinopse oficial.<img loading=\"lazy\" decoding=\"async\" class=\"\" src=\"http:\/\/www.proibidoler.com\/wp-content\/uploads\/2015\/02\/hq-de-preludio-de-vingadores-2-conta-a-origem-de-wanda-e-pietro-maximoff-2.jpeg\" alt=\"Resultado de imagem para pietro wanda maximoff\" width=\"778\" height=\"389\" \/><\/li>\n<li>Julho de 2011 &#8211; <strong>Bar\u00e3o Von Strucker<\/strong> cria <strong>Merc\u00fario<\/strong> e <strong>Feiticeira Escarlate<\/strong> (ep\u00edlogo de <em>Capit\u00e3o Am\u00e9rica: O Soldado Invernal<\/em>)<\/li>\n<li>Junho de 2013 &#8211; <strong>Scott Lang<\/strong> \u00e9 preso em<strong> San Quentin<\/strong> (mencionado em <em>Homem-Formiga<\/em>) Tr\u00eas anos antes de os eventos de <em>Homem-Formiga\u00a0<\/em>segundo a sinopse oficial.<img decoding=\"async\" src=\"https:\/\/vignette.wikia.nocookie.net\/marvelcinematicuniverse\/images\/b\/b8\/Xander_Gotg_Concept_Art_03.jpg\/revision\/latest?cb=20140906005944\" alt=\"Resultado de imagem para guardians of the galaxy xandar\" \/><\/li>\n<li>Junho de 2014 &#8211; <strong>Guardi\u00f5es da Gal\u00e1xia<\/strong> salvam <strong>Xandar<\/strong> (eventos de <em>Guardi\u00f5es da Gal\u00e1xia<\/em>)<img decoding=\"async\" src=\"https:\/\/vignette.wikia.nocookie.net\/aliens\/images\/5\/54\/Ego_the_living_Planet.jpg\/revision\/latest?cb=20171112023023\" alt=\"Imagem relacionada\" \/><\/li>\n<li>Agosto de 2014 &#8211; Guardi\u00f5es da Gal\u00e1xia salvam a Gal\u00e1xia de novo (eventos de <em>Guardi\u00f5es da Gal\u00e1xia Vol. 2<\/em>) Dois meses ap\u00f3s os eventos de <em>Guardi\u00f5es da Gal\u00e1xia <\/em>e em 2014 segundo a sinopse oficial.<img loading=\"lazy\" decoding=\"async\" class=\"\" src=\"https:\/\/qph.fs.quoracdn.net\/main-qimg-a3b04c08ead97b2d3165e1315f493d38-c\" alt=\"Resultado de imagem para avengers age of ultron sokovia\" width=\"778\" height=\"327\" \/><\/li>\n<li>Abril de 2016 &#8211;<em><strong> Incidente de Sokovia<\/strong><\/em> (eventos de <em><strong>Os Vingadores: A Era de Ultron<\/strong><\/em>) Aproximadamente um ano antes de <em>Capit\u00e3o Am\u00e9rica: Guerra Civil.<\/em><img loading=\"lazy\" decoding=\"async\" class=\"\" src=\"https:\/\/s21.postimg.org\/ik1c9qdx3\/ANt_Man.jpg\" alt=\"Resultado de imagem para scott lang ant man\" width=\"762\" height=\"381\" \/><\/li>\n<li>Junho de 2016 &#8211; Scott Lang se torna o novo <strong>Homem-Formiga<\/strong> (eventos de <em>Homem-Formiga<\/em>) Meses ap\u00f3s <em>Vingadores: A Era de Ultron\u00a0<\/em>segundo a sinopse oficial.<img decoding=\"async\" src=\"https:\/\/cdn.vox-cdn.com\/thumbor\/Ttms1loReqslx2_bQmyBb9m5ZYM=\/278x0:1880x1202\/1200x800\/filters:focal(278x0:1880x1202)\/cdn.vox-cdn.com\/uploads\/chorus_image\/image\/49504211\/capammain.0.jpg\" alt=\"Resultado de imagem para captain america civil war\" \/><\/li>\n<li>Junho de 2017 &#8211; <em><strong>Tratado de Sokovia<\/strong><\/em>; Soldado Invernal \u00e9 refugiado em Wakanda (eventos de <em>Capit\u00e3o Am\u00e9rica: Guerra Civil<\/em>) Dois meses antes de <em>Homem-Aranha: De Volta ao Lar\u00a0<\/em>segundo a sinopse oficial.<img decoding=\"async\" src=\"http:\/\/i.imgur.com\/zwCmP1o.png\" alt=\"Resultado de imagem para stephen strange accident\" \/><\/li>\n<li>Junho de 2017 &#8211; <strong>Dr. Stephan Strange<\/strong> perde o movimento das m\u00e3os &#8211; Dias ap\u00f3s o <strong>Coronel Rhodes<\/strong> perder o movimento das pernas durante <em>Capit\u00e3o Am\u00e9rica: Guerra Civil<\/em>.<\/li>\n<li>Junho de 2017 &#8211; <strong>T&#8217;Challa<\/strong> assume como novo <strong>Pantera Negra<\/strong> (eventos de <em>Pantera Negra<\/em>) Dias ap\u00f3s os eventos de <em>Capit\u00e3o Am\u00e9rica: Guerra Civil<\/em>.<img loading=\"lazy\" decoding=\"async\" class=\"\" src=\"http:\/\/www.comingsoon.net\/assets\/uploads\/2017\/04\/vulture1.jpg\" alt=\"Resultado de imagem para spider-man vulture\" width=\"786\" height=\"442\" \/><\/li>\n<li>Agosto de 2017 &#8211; <strong>Homem-Aranha<\/strong> det\u00e9m o <strong>Abutre<\/strong> (eventos de <em>Homem-Aranha: De Volta Ao Lar<\/em>) Aproximadamente oito anos ap\u00f3s os eventos de <em>Os Vingadores<\/em> e dois meses ap\u00f3s os eventos de <em>Capit\u00e3o Am\u00e9rica: Guerra Civil\u00a0<\/em>segundo a sinopse oficial e nove anos ap\u00f3s os eventos de\u00a0<em>Homem de Ferro 2<\/em> segundo Happy Hogan.<img loading=\"lazy\" decoding=\"async\" class=\"aligncenter\" src=\"http:\/\/oi66.tinypic.com\/2qlr95x.jpg\" alt=\"Resultado de imagem para doctor strange hong kong\" width=\"775\" height=\"414\" \/><\/li>\n<li>Mar\u00e7o de 2018 &#8211; <strong>Sancto Santorum<\/strong> de <strong>Londres<\/strong> \u00e9 destru\u00eddo; <strong>Doutor Estranho<\/strong> salva <strong>Hong Kong<\/strong> (eventos de <em>Doutor Estranho<\/em>) Algum tempo antes de <em>Thor: Ragnarok<\/em>.<img decoding=\"async\" src=\"http:\/\/digitalspyuk.cdnds.net\/17\/43\/768x318\/gallery-1508856205-asgard-destruction-thor-ragnarok.jpg\" alt=\"Resultado de imagem para thor ragnarok asgard destroyed\" \/><\/li>\n<li>Abril de 2018 &#8211; Morre Odin; Fim de Asgard (eventos de<em> Thor: Ragnarok<\/em>) Dois anos ap\u00f3s os eventos de <em>Vingadores: A Era de Ultron\u00a0<\/em>segundo a sinopse oficial,\u00a0algum tempo depois de <em>Doutor Estranho<\/em> e antes de <em><strong>Vingadores: Guerra Infinita<\/strong><\/em>.<img decoding=\"async\" src=\"http:\/\/digitalspyuk.cdnds.net\/18\/06\/768x318\/gallery-1517843333-captain-america-two-shields-avengers-infinity-war.jpg\" alt=\"Resultado de imagem para infinity war\" \/><\/li>\n<li>Junho de 2018 &#8211; Possivelmente a<em> <strong>Guerra Infinita<\/strong><\/em>.<\/li>\n<\/ul>\n<p>O que acharam? Essa ordem n\u00e3o \u00e9 muito precisa, mas \u00e9 a p\u00fablica segundo as informa\u00e7\u00f5es coletadas nos filmes. Caso voc\u00ea tenha alguma informa\u00e7\u00e3o ou corre\u00e7\u00e3o deixe a\u00ed nos coment\u00e1rios.<\/p>\n","protected":false},"excerpt":{"rendered":"<p>Est\u00e1 havendo muito a discuss\u00e3o sobre a ordem cronol\u00f3gica do Universo Cinem\u00e1tico Marvel, principalmente ap\u00f3s uma confus\u00e3o deixada pelo filme Homem-Aranha: De Volta ao Lar, e alguns sites vem tentando corrigir de forma err\u00f4nea, pois bem, vamos posicionar os eventos mencionados no Universo Cinem\u00e1tico Marvel em ordem cronol\u00f3gica e explicar por qu\u00ea. Bor derrota o [&hellip;]<\/p>\n","protected":false},"author":2,"featured_media":0,"comment_status":"open","ping_status":"closed","sticky":false,"template":"","format":"standard","meta":{"_mi_skip_tracking":false,"_exactmetrics_sitenote_active":false,"_exactmetrics_sitenote_note":"","_exactmetrics_sitenote_category":0,"footnotes":""},"categories":[587,29,588],"tags":[],"class_list":["post-5399","post","type-post","status-publish","format-standard","hentry","category-disney","category-filmes","category-marvel"],"_links":{"self":[{"href":"https:\/\/terranerdica.com.br\/index.php\/wp-json\/wp\/v2\/posts\/5399"}],"collection":[{"href":"https:\/\/terranerdica.com.br\/index.php\/wp-json\/wp\/v2\/posts"}],"about":[{"href":"https:\/\/terranerdica.com.br\/index.php\/wp-json\/wp\/v2\/types\/post"}],"author":[{"embeddable":true,"href":"https:\/\/terranerdica.com.br\/index.php\/wp-json\/wp\/v2\/users\/2"}],"replies":[{"embeddable":true,"href":"https:\/\/terranerdica.com.br\/index.php\/wp-json\/wp\/v2\/comments?post=5399"}],"version-history":[{"count":1,"href":"https:\/\/terranerdica.com.br\/index.php\/wp-json\/wp\/v2\/posts\/5399\/revisions"}],"predecessor-version":[{"id":9312,"href":"https:\/\/terranerdica.com.br\/index.php\/wp-json\/wp\/v2\/posts\/5399\/revisions\/9312"}],"wp:attachment":[{"href":"https:\/\/terranerdica.com.br\/index.php\/wp-json\/wp\/v2\/media?parent=5399"}],"wp:term":[{"taxonomy":"category","embeddable":true,"href":"https:\/\/terranerdica.com.br\/index.php\/wp-json\/wp\/v2\/categories?post=5399"},{"taxonomy":"post_tag","embeddable":true,"href":"https:\/\/terranerdica.com.br\/index.php\/wp-json\/wp\/v2\/tags?post=5399"}],"curies":[{"name":"wp","href":"https:\/\/api.w.org\/{rel}","templated":true}]}}