{"id":4907,"date":"2022-06-02T14:09:30","date_gmt":"2022-06-02T17:09:30","guid":{"rendered":"http:\/\/localhost\/terranerdica\/?p=4907"},"modified":"2022-06-02T14:09:33","modified_gmt":"2022-06-02T17:09:33","slug":"tncast-2-03-stranger-things-e-influencias-mais-estranhas","status":"publish","type":"post","link":"https:\/\/terranerdica.com.br\/index.php\/2022\/06\/02\/tncast-2-03-stranger-things-e-influencias-mais-estranhas\/","title":{"rendered":"#TBT Podcast &#8211; Stranger Things e Influ\u00eancias Mais Estranhas"},"content":{"rendered":"\n<p><strong>Neste podcast:<\/strong>&nbsp;relembramos a primeira temporada de Stranger Things, a segunda, suas refer\u00eancias e a influ\u00eancia nas produ\u00e7\u00f5es posteriores.<span id=\"more-3810\"><\/span><\/p>\n\n\n\n<figure class=\"wp-block-embed is-type-rich is-provider-spotify wp-block-embed-spotify wp-embed-aspect-21-9 wp-has-aspect-ratio\"><div class=\"wp-block-embed__wrapper\">\n<iframe title=\"Spotify Embed: #TBT Stranger Things e Refer\u00eancias Mais Estranhas\" style=\"border-radius: 12px\" width=\"100%\" height=\"152\" frameborder=\"0\" allowfullscreen allow=\"autoplay; clipboard-write; encrypted-media; fullscreen; picture-in-picture\" loading=\"lazy\" src=\"https:\/\/open.spotify.com\/embed\/episode\/1SSuXkaye79KrmJkRFBJBh?si=64a184a1b9d84c39&#038;utm_source=oembed\"><\/iframe>\n<\/div><\/figure>\n\n\n\n<p><strong>ARTE DA VITRINE:<\/strong>&nbsp;Matheus Volnutt<\/p>\n\n\n\n<p><strong>EDI\u00c7\u00c3O:<\/strong> Caio Cravo<\/p>\n\n\n\n<p><strong>DURA\u00c7\u00c3O:<\/strong> 1h 19m<\/p>\n\n\n\n<p><span style=\"color: #ff0000;\"><strong>ATEN\u00c7\u00c3O! SPOILERS LIBERADOS!<\/strong><\/span><\/p>\n\n\n\n<hr class=\"wp-block-separator has-alpha-channel-opacity\"\/>\n\n\n\n<h3 class=\"wp-block-heading\"><strong>PARTICIPANTES:<\/strong><\/h3>\n\n\n\n<ul class=\"wp-block-list\"><li><strong>Matheus Volnutt<\/strong>&nbsp;\u2013&nbsp;<a href=\"http:\/\/instagram.com\/matheusvolnutt\" data-slimstat=\"5\">Instagram&nbsp;<\/a>\u2013&nbsp;<a href=\"http:\/\/twitter.com\/matheusvolnutt\" data-slimstat=\"5\">Twitter&nbsp;<\/a>\u2013&nbsp;<a href=\"http:\/\/facebook.com\/matheusvolnutt\" data-slimstat=\"5\">Facebook<\/a><\/li><li><strong>Maycon Cavalcante<\/strong>&nbsp;\u2013&nbsp;<a href=\"http:\/\/instagram.com\/mayconcavalcant\" data-slimstat=\"5\">Instagram<\/a><\/li><li><strong>Rodrigo Rodfer &#8211;<\/strong><a href=\"https:\/\/www.facebook.com\/RRodfer\"> Facebook<\/a><\/li><li><strong>Juliana Caulo &#8211; <\/strong><a href=\"http:\/\/Trescooo_\">Twitter<\/a><\/li><\/ul>\n\n\n\n<hr class=\"wp-block-separator has-alpha-channel-opacity\"\/>\n\n\n\n<h3 class=\"wp-block-heading\"><strong>MENCIONADO:<\/strong><\/h3>\n\n\n\n<ul class=\"wp-block-list\"><li><a href=\"http:\/\/localhost\/terranerdica\/index.php\/stranger-things-segunda-temporada-critica\/\"><strong>Cr\u00edtica<\/strong> da segunda temporada por <strong>Gabriella Ponte<\/strong><\/a><\/li><li><a href=\"http:\/\/localhost\/terranerdica\/index.php\/stranger-things-ator-foi-pego-com-porte-de-drogas-e-deportado\/\"><strong>Not\u00edcia:<\/strong> <strong>Charlie Heaton<\/strong> pego com drogas<\/a><\/li><li><a href=\"http:\/\/localhost\/terranerdica\/index.php\/stranger-things-2-motivos-pelos-quais-a-segunda-temporada-foi-inferior-a-primeira\/\"><strong>Artigo:<\/strong> motivos pelos quais a segunda temporada foi inferior a primeira<\/a><\/li><li><a href=\"http:\/\/lelivros.love\/book\/baixar-livro-cultura-da-convergencia-henry-jenkins-em-pdf-epub-e-mobi-ou-ler-online\/\"><strong><em>Cultura da Converg\u00eancia<\/em><\/strong> &#8211; Estudo de marketing multim\u00eddia que menciona <strong><em>Lost<\/em><\/strong><\/a><\/li><\/ul>\n\n\n\n<!--more-->\n\n\n\n<p>D\u00favidas, sugest\u00f5es e cr\u00edticas envie para<strong> terranerdica@gmail.com<\/strong><\/p>\n","protected":false},"excerpt":{"rendered":"<p>Neste podcast:&nbsp;relembramos a primeira temporada de Stranger Things, a segunda, suas refer\u00eancias e a influ\u00eancia nas produ\u00e7\u00f5es posteriores. ARTE DA VITRINE:&nbsp;Matheus Volnutt EDI\u00c7\u00c3O: Caio Cravo DURA\u00c7\u00c3O: 1h 19m ATEN\u00c7\u00c3O! SPOILERS LIBERADOS! PARTICIPANTES: Matheus Volnutt&nbsp;\u2013&nbsp;Instagram&nbsp;\u2013&nbsp;Twitter&nbsp;\u2013&nbsp;Facebook Maycon Cavalcante&nbsp;\u2013&nbsp;Instagram Rodrigo Rodfer &#8211; Facebook Juliana Caulo &#8211; Twitter MENCIONADO: Cr\u00edtica da segunda temporada por Gabriella Ponte Not\u00edcia: Charlie Heaton [&hellip;]<\/p>\n","protected":false},"author":3,"featured_media":16343,"comment_status":"open","ping_status":"closed","sticky":false,"template":"","format":"standard","meta":{"_mi_skip_tracking":false,"_exactmetrics_sitenote_active":false,"_exactmetrics_sitenote_note":"","_exactmetrics_sitenote_category":0,"footnotes":""},"categories":[1023,34],"tags":[187,1047,1745,1046],"class_list":["post-4907","post","type-post","status-publish","format-standard","has-post-thumbnail","hentry","category-tncast","category-series-e-tv","tag-netflix","tag-podcast","tag-strangerthings","tag-tncast"],"_links":{"self":[{"href":"https:\/\/terranerdica.com.br\/index.php\/wp-json\/wp\/v2\/posts\/4907"}],"collection":[{"href":"https:\/\/terranerdica.com.br\/index.php\/wp-json\/wp\/v2\/posts"}],"about":[{"href":"https:\/\/terranerdica.com.br\/index.php\/wp-json\/wp\/v2\/types\/post"}],"author":[{"embeddable":true,"href":"https:\/\/terranerdica.com.br\/index.php\/wp-json\/wp\/v2\/users\/3"}],"replies":[{"embeddable":true,"href":"https:\/\/terranerdica.com.br\/index.php\/wp-json\/wp\/v2\/comments?post=4907"}],"version-history":[{"count":4,"href":"https:\/\/terranerdica.com.br\/index.php\/wp-json\/wp\/v2\/posts\/4907\/revisions"}],"predecessor-version":[{"id":16344,"href":"https:\/\/terranerdica.com.br\/index.php\/wp-json\/wp\/v2\/posts\/4907\/revisions\/16344"}],"wp:featuredmedia":[{"embeddable":true,"href":"https:\/\/terranerdica.com.br\/index.php\/wp-json\/wp\/v2\/media\/16343"}],"wp:attachment":[{"href":"https:\/\/terranerdica.com.br\/index.php\/wp-json\/wp\/v2\/media?parent=4907"}],"wp:term":[{"taxonomy":"category","embeddable":true,"href":"https:\/\/terranerdica.com.br\/index.php\/wp-json\/wp\/v2\/categories?post=4907"},{"taxonomy":"post_tag","embeddable":true,"href":"https:\/\/terranerdica.com.br\/index.php\/wp-json\/wp\/v2\/tags?post=4907"}],"curies":[{"name":"wp","href":"https:\/\/api.w.org\/{rel}","templated":true}]}}