{"id":27251,"date":"2026-04-28T17:50:42","date_gmt":"2026-04-28T20:50:42","guid":{"rendered":"https:\/\/terranerdica.com.br\/?p=27251"},"modified":"2026-04-28T17:52:49","modified_gmt":"2026-04-28T20:52:49","slug":"critica-o-diabo-veste-prada-2","status":"publish","type":"post","link":"https:\/\/terranerdica.com.br\/index.php\/2026\/04\/28\/critica-o-diabo-veste-prada-2\/","title":{"rendered":"Cr\u00edtica | O Diabo Veste Prada 2"},"content":{"rendered":"<p><span style=\"font-weight: 400\">O tapete vermelho e as c\u00e2meras est\u00e3o prontos, e tamb\u00e9m os iPhones, influenciadores e um mundo bem diferente de 20 anos atr\u00e1s para <\/span><b>Miranda Priestly (Meryl Streep)<\/b><span style=\"font-weight: 400\"> e <\/span><b>Andrea\/Andy Sachs (Anne Hathaway)<\/b><span style=\"font-weight: 400\">. A sequ\u00eancia de <\/span><b>O Diabo Veste Prada<\/b><span style=\"font-weight: 400\"> envolve os personagens em um drama acerca da sobreviv\u00eancia nesse novo mundo, com uma pitada de moda e luxo.<\/span><\/p>\n<p><span style=\"font-weight: 400\">Sequ\u00eancias, de um modo geral, costumam ficar aqu\u00e9m do brilho do primeiro filme. Preciso te dizer que esta \u00e9, sem d\u00favidas, uma boa sequ\u00eancia, faz o que se prop\u00f5e a fazer. Para muitos, acredito, o <\/span><i><span style=\"font-weight: 400\">hype<\/span><\/i><span style=\"font-weight: 400\"> ser\u00e1 apenas pela nostalgia, mas n\u00e3o pelo filme em si.<\/span><\/p>\n<p><span style=\"font-weight: 400\">Como sempre, o super elenco entrega tudo muito bem. Esses longos 20 anos, por\u00e9m, mexeram um pouco com a forma de lidar com a vida de alguns personagens. Andrea continua acreditando no jornalismo e pensando no que \u00e9 melhor para sua carreira, mesmo que, de modo inocente, isso signifique fazer algumas a\u00e7\u00f5es excusas. <\/span><b>Emily (Emily Blunt)<\/b><span style=\"font-weight: 400\"> continua ambiciosa, talvez at\u00e9 bem mais ambiciosa do que era, sem escr\u00fapulos. <\/span><b>Nigel (Stanley Tucci)<\/b><span style=\"font-weight: 400\"> continua brilhante e um vision\u00e1rio com suas tiradas \u00e1cidas e toda a do\u00e7ura que demonstra por Andrea.<\/span><\/p>\n<p><span style=\"font-weight: 400\">Quem parece ter passado por uma grande mudan\u00e7a foi Miranda. Ela continua falando o que pensa, o que n\u00e3o gosta e chocando pessoas. Agora, por\u00e9m, ela aparece muito mais vulner\u00e1vel, aberta e v\u00edtima. Como uma grande tend\u00eancia atual no cinema, ao contr\u00e1rio do filme de 2006, a sequ\u00eancia n\u00e3o tem uma pessoa rotulada como vil\u00e3. Logo, a antiga vil\u00e3 se torna, praticamente, a mocinha &#8211; dadas as devidas propor\u00e7\u00f5es -, afinal ela ainda n\u00e3o tem o menor interesse de agradar as pessoas e sabe muito bem quem ela \u00e9.<\/span><\/p>\n<p><span style=\"font-weight: 400\">O <\/span><b>Diabo Veste Prada 2<\/b><span style=\"font-weight: 400\"> tem uma linha muito mais pr\u00f3xima do complexo e dram\u00e1tico mundo corporativo do que do ambiente da moda. Certamente, se o meu TCC sobre a representa\u00e7\u00e3o do jornalista no cinema estivesse sendo escrito agora, haveria um cap\u00edtulo acerca desse filme nele. Vemos no longa o mundo do jornalismo em decl\u00ednio, porque as pessoas n\u00e3o compram revistas e jornais impressos e os leitores digitais n\u00e3o concedem sua aten\u00e7\u00e3o a qualquer coisa.<\/span><\/p>\n<p><span style=\"font-weight: 400\">Essa \u00e9 a maior cr\u00edtica do filme: o quanto o mundo em que vivemos hoje, digitalizado, IAtizado e monjarizado, se infiltrou em diversos setores e ind\u00fastrias a ponto de n\u00e3o haver espa\u00e7o para a tradi\u00e7\u00e3o, conhecimento profundo e, at\u00e9 mesmo, o mundo real. Al\u00e9m de, obviamente, quest\u00f5es sobre trai\u00e7\u00e3o e o quanto as pessoas s\u00e3o capazes de fazer tudo pelo que almejam, inclusive puxar o tapete do coleguinha para crescer.<\/span><\/p>\n<p><span style=\"font-weight: 400\">H\u00e1 in\u00fameras refer\u00eancias incr\u00edveis a cenas ic\u00f4nicas do primeiro filme e a situa\u00e7\u00f5es do nosso cotidiano atual. Apesar de todo o drama, o roteiro nos premia com muitas cenas divertidas e, \u00e9 claro, de vergonha alheia como Miranda as que provoca e que Andy sabe viver muito bem. A trilha sonora segue a ideia de sequ\u00eancia, como se fosse um \u00fanico filme, trazendo as melhores m\u00fasicas da soundtrack original. Os looks s\u00e3o maravilhosos, \u00e9 claro, e a sequ\u00eancia na It\u00e1lia \u00e9 de tirar o f\u00f4lego.<\/span><\/p>\n<p><span style=\"font-weight: 400\">Sobre as cenas em Mil\u00e3o, ali\u00e1s, temos uma participa\u00e7\u00e3o especial que zera tudo no bastidor e no palco. Afinal, se tem algu\u00e9m que entende de moda \u00e9 ela, estou certa, <\/span><i><span style=\"font-weight: 400\">little monsters<\/span><\/i><span style=\"font-weight: 400\">?<\/span><\/p>\n<p><span style=\"font-weight: 400\">Esse \u00e9 um filme que vale a pena ser visto, palavra de quem se identificou muito com o que a Andy viveu no come\u00e7o dele. Talvez, quem criou uma expectativa para que o filme seja muito sobre o glamour, o luxo, modelos e estilistas, pode se frustrar um pouco. No entanto, temos esses atores atuando de forma brilhante (e elegante tamb\u00e9m) numa sequ\u00eancia divertida e intrigante.<\/span><\/p>\n<p><span style=\"font-weight: 400\">De segunda a sexta, esse filme \u00e9 uma <\/span><b>quinta-feira \u00e0 noite<\/b><span style=\"font-weight: 400\">. O final de semana est\u00e1 quase chegando, mas voc\u00ea est\u00e1 exausto e ainda tem o drama de acordar cedo no dia seguinte. Que tal comer sua comida favorita e curtir o filme? Amanh\u00e3 \u00e9 outro dia!<\/span><\/p>\n<p>&nbsp;<\/p>\n<p><span style=\"font-weight: 400\">OBS. 1: Se voc\u00ea digitar \u201cthe devil wears prada 2\u201d no Google, os sapatos vermelhos \u00edcones do filme desfilam na tela. N\u00e3o sei quanto tempo vai ficar assim.<\/span><\/p>\n<p><span style=\"font-weight: 400\">OBS. 2: Como uma jornalista que h\u00e1 muito n\u00e3o tem a oportunidade de escrever de verdade, fazer a cr\u00edtica deste filme tem um peso muito maior. Eu agrade\u00e7o por poder compartilhar com voc\u00ea.<\/span><\/p>\n<p>&nbsp;<\/p>\n","protected":false},"excerpt":{"rendered":"<p>O tapete vermelho e as c\u00e2meras est\u00e3o prontos, e tamb\u00e9m os iPhones, influenciadores e um mundo bem diferente de 20 anos atr\u00e1s para Miranda Priestly (Meryl Streep) e Andrea\/Andy Sachs (Anne Hathaway). A sequ\u00eancia de O Diabo Veste Prada envolve os personagens em um drama acerca da sobreviv\u00eancia nesse novo mundo, com uma pitada de [&hellip;]<\/p>\n","protected":false},"author":2327,"featured_media":27252,"comment_status":"open","ping_status":"open","sticky":false,"template":"","format":"standard","meta":{"_mi_skip_tracking":false,"_exactmetrics_sitenote_active":false,"_exactmetrics_sitenote_note":"","_exactmetrics_sitenote_category":0,"footnotes":""},"categories":[29],"tags":[3710,274,3709,3708],"class_list":["post-27251","post","type-post","status-publish","format-standard","has-post-thumbnail","hentry","category-filmes","tag-anne-hathaway","tag-meryl-streep","tag-o-diabo-veste-prada","tag-o-diabo-veste-prada-2"],"_links":{"self":[{"href":"https:\/\/terranerdica.com.br\/index.php\/wp-json\/wp\/v2\/posts\/27251"}],"collection":[{"href":"https:\/\/terranerdica.com.br\/index.php\/wp-json\/wp\/v2\/posts"}],"about":[{"href":"https:\/\/terranerdica.com.br\/index.php\/wp-json\/wp\/v2\/types\/post"}],"author":[{"embeddable":true,"href":"https:\/\/terranerdica.com.br\/index.php\/wp-json\/wp\/v2\/users\/2327"}],"replies":[{"embeddable":true,"href":"https:\/\/terranerdica.com.br\/index.php\/wp-json\/wp\/v2\/comments?post=27251"}],"version-history":[{"count":3,"href":"https:\/\/terranerdica.com.br\/index.php\/wp-json\/wp\/v2\/posts\/27251\/revisions"}],"predecessor-version":[{"id":27255,"href":"https:\/\/terranerdica.com.br\/index.php\/wp-json\/wp\/v2\/posts\/27251\/revisions\/27255"}],"wp:featuredmedia":[{"embeddable":true,"href":"https:\/\/terranerdica.com.br\/index.php\/wp-json\/wp\/v2\/media\/27252"}],"wp:attachment":[{"href":"https:\/\/terranerdica.com.br\/index.php\/wp-json\/wp\/v2\/media?parent=27251"}],"wp:term":[{"taxonomy":"category","embeddable":true,"href":"https:\/\/terranerdica.com.br\/index.php\/wp-json\/wp\/v2\/categories?post=27251"},{"taxonomy":"post_tag","embeddable":true,"href":"https:\/\/terranerdica.com.br\/index.php\/wp-json\/wp\/v2\/tags?post=27251"}],"curies":[{"name":"wp","href":"https:\/\/api.w.org\/{rel}","templated":true}]}}