{"id":25441,"date":"2025-07-21T04:12:09","date_gmt":"2025-07-21T07:12:09","guid":{"rendered":"https:\/\/terranerdica.com.br\/?p=25441"},"modified":"2025-07-21T04:12:09","modified_gmt":"2025-07-21T07:12:09","slug":"critica-o-deserto-de-akin","status":"publish","type":"post","link":"https:\/\/terranerdica.com.br\/index.php\/2025\/07\/21\/critica-o-deserto-de-akin\/","title":{"rendered":"Cr\u00edtica | O Deserto de Akin"},"content":{"rendered":"<p>O cinema independente nacional chega com mais uma obra que tem o potencial de chamar muita aten\u00e7\u00e3o com a exibi\u00e7\u00e3o do longa-metragem O Deserto de Akin, que \u00e9 o terceiro longa-metragem na filmografia do diretor e roteirista Bernard Lessa, conhecido pelos curtas Tejo Mar, Sopro, Uivo e Assobio, e o filme A Mat\u00e9ria Escura.<br \/>\nCom lan\u00e7amento para os cinemas no dia 31 de julho, estrelado por Reynier Morales, Ana Fl\u00e1via Cavalcanti, Guga Patriota, Welket Bungu\u00e9 e Patricia Galleto, o filme foi premiado na categoria de Melhor Ator da se\u00e7\u00e3o Novos Rumos do 26\u00ba Festival do Rio e foi exibido na sess\u00e3o de abertura da 32\u00aa edi\u00e7\u00e3o do Festival de Vit\u00f3ria.<\/p>\n<p>A hist\u00f3ria de O Deserto de Akin \u00e9 sobre o m\u00e9dico cubano do t\u00edtulo do longa, um dos profissionais que estava trabalhando no Brasil em 2018 e, com as elei\u00e7\u00f5es, a coopera\u00e7\u00e3o entre o Brasil e Cuba chega ao fim e todos s\u00e3o convocados a retornar ao seu pa\u00eds de origem, deixando o protagonista em uma encruzilhada entre se estabelecer no Brasil ou retornar.<\/p>\n<figure id=\"attachment_25443\" aria-describedby=\"caption-attachment-25443\" style=\"width: 697px\" class=\"wp-caption alignnone\"><img loading=\"lazy\" decoding=\"async\" width=\"697\" height=\"1024\" class=\"wp-image-25443 size-large\" src=\"http:\/\/terranerdica.com.br\/wp-content\/uploads\/2025\/07\/ODesertoDeAkin_Cartaz-697x1024.png\" alt=\"\" srcset=\"https:\/\/terranerdica.com.br\/wp-content\/uploads\/2025\/07\/ODesertoDeAkin_Cartaz-697x1024.png 697w, https:\/\/terranerdica.com.br\/wp-content\/uploads\/2025\/07\/ODesertoDeAkin_Cartaz-204x300.png 204w, https:\/\/terranerdica.com.br\/wp-content\/uploads\/2025\/07\/ODesertoDeAkin_Cartaz-768x1128.png 768w, https:\/\/terranerdica.com.br\/wp-content\/uploads\/2025\/07\/ODesertoDeAkin_Cartaz-750x1102.png 750w, https:\/\/terranerdica.com.br\/wp-content\/uploads\/2025\/07\/ODesertoDeAkin_Cartaz.png 800w\" sizes=\"(max-width: 697px) 100vw, 697px\" \/><figcaption id=\"caption-attachment-25443\" class=\"wp-caption-text\">Cartaz: O Deserto de Akin<\/figcaption><\/figure>\n<p>O filme, escrito e dirigido por Bernard Lessa, \u00e9 um longa-metragem muito interessante de assistir, principalmente pela proposta de seu projeto em propor uma reflex\u00e3o art\u00edstica sobre um momento hist\u00f3rico recente da pol\u00edtica do nosso pa\u00eds, com a elei\u00e7\u00e3o do agora ex-presidente Jair Bolsonaro em 2018. O encerramento do programa Mais M\u00e9dicos foi uma, dentre tantas decis\u00f5es, que tiveram impacto abrangente na popula\u00e7\u00e3o brasileira, se tratando do acesso \u00e0 aten\u00e7\u00e3o b\u00e1sica da sa\u00fade, e desenvolver a narrativa do ponto de vista de um desses profissionais, sua import\u00e2ncia na comunidade ind\u00edgena em que realizava o seu trabalho e at\u00e9 sua ambienta\u00e7\u00e3o como um estrangeiro no pa\u00eds.<\/p>\n<p>O roteiro me surpreendeu por abordar a narrativa do macro em dire\u00e7\u00e3o ao micro, como uma decis\u00e3o para um todo que afeta de forma determinante o destino de um indiv\u00edduo e o seu entorno. Conhecemos a rotina do Akin como profissional, algumas quest\u00f5es que enfrenta durante seu trabalho, seu cotidiano e vida afetiva, estabelecendo para n\u00f3s, como espectadores da obra, que estamos conhecendo a hist\u00f3ria de algu\u00e9m adaptado ao nosso pa\u00eds e que precisa mudar tudo devido a essa decis\u00e3o de vi\u00e9s puramente ideol\u00f3gico.<\/p>\n<p>A dire\u00e7\u00e3o \u00e9 bem realizada, aproveitando os elementos naturais das loca\u00e7\u00f5es, seja pela luz do dia ou a aus\u00eancia dela durante a noite, aproveitando a sonoridade do ambiente para inserir algo muito mais habitual, trazendo uma cad\u00eancia ao ritmo do filme que nos permite compreender alguns subtextos e a compreens\u00e3o do personagem principal. Ao mesmo tempo, tamb\u00e9m existe uma boa constru\u00e7\u00e3o de atmosfera a respeito do que aconteceu naquele per\u00edodo, que ficou marcado por tantas incertezas para boa parte da popula\u00e7\u00e3o.<\/p>\n<p>As atua\u00e7\u00f5es que mais se destacam s\u00e3o as de Reynier Morales (Akin), ao interpretar o m\u00e9dico cubano que vive n\u00e3o apenas a quest\u00e3o de ficar no Brasil ou seguir para a pr\u00f3xima miss\u00e3o em um ponto de vista profissional, mas a reflex\u00e3o sobre o desejo de ser pertencente a um lugar e como isso o afeta. Al\u00e9m dele, Ana Fl\u00e1via Cavalcanti (Erica) tamb\u00e9m \u00e9 excelente por trazer para a tela uma mulher que n\u00e3o apenas \u00e9 parte dos dilemas afetivos do m\u00e9dico, na forma\u00e7\u00e3o de um trisal que ocorre de forma muito natural, mas tamb\u00e9m \u00e9 uma excelente representa\u00e7\u00e3o dos medos, anseios e da desesperan\u00e7a que a mudan\u00e7a do cen\u00e1rio pol\u00edtico ir\u00e1 trazer para o seu futuro.<\/p>\n<figure id=\"attachment_25444\" aria-describedby=\"caption-attachment-25444\" style=\"width: 1024px\" class=\"wp-caption alignnone\"><img loading=\"lazy\" decoding=\"async\" width=\"1024\" height=\"540\" class=\"wp-image-25444 size-large\" src=\"http:\/\/terranerdica.com.br\/wp-content\/uploads\/2025\/07\/ODA-Divulgacao2-1024x540.jpg\" alt=\"\" srcset=\"https:\/\/terranerdica.com.br\/wp-content\/uploads\/2025\/07\/ODA-Divulgacao2-1024x540.jpg 1024w, https:\/\/terranerdica.com.br\/wp-content\/uploads\/2025\/07\/ODA-Divulgacao2-300x158.jpg 300w, https:\/\/terranerdica.com.br\/wp-content\/uploads\/2025\/07\/ODA-Divulgacao2-768x405.jpg 768w, https:\/\/terranerdica.com.br\/wp-content\/uploads\/2025\/07\/ODA-Divulgacao2-1536x810.jpg 1536w, https:\/\/terranerdica.com.br\/wp-content\/uploads\/2025\/07\/ODA-Divulgacao2-2048x1080.jpg 2048w, https:\/\/terranerdica.com.br\/wp-content\/uploads\/2025\/07\/ODA-Divulgacao2-750x395.jpg 750w, https:\/\/terranerdica.com.br\/wp-content\/uploads\/2025\/07\/ODA-Divulgacao2-1140x601.jpg 1140w\" sizes=\"(max-width: 1024px) 100vw, 1024px\" \/><figcaption id=\"caption-attachment-25444\" class=\"wp-caption-text\">Imagem: O Deserto de Akin<\/figcaption><\/figure>\n<p>O Deserto de Akin \u00e9 uma \u00f3tima obra realizada pelo seu diretor e elenco, e um filme que vai agu\u00e7ar a reflex\u00e3o do seu espectador em uma perspectiva que, para alguns, ser\u00e1 emocionante e, para outros, um confronto impactante sobre um momento pol\u00edtico contempor\u00e2neo.<\/p>\n<p>&nbsp;<\/p>\n<p>Assista ao trailer de O Deserto de Akin\u00a0 lan\u00e7amento em 31 de julho nos cinemas.<\/p>\n<div class=\"jeg_video_container jeg_video_content\"><iframe loading=\"lazy\" title=\"O Deserto de Akin \uff5c Trailer Oficial\" width=\"500\" height=\"281\" src=\"https:\/\/www.youtube.com\/embed\/A8FoHJxXH54?feature=oembed\" frameborder=\"0\" allow=\"accelerometer; autoplay; clipboard-write; encrypted-media; gyroscope; picture-in-picture; web-share\" referrerpolicy=\"strict-origin-when-cross-origin\" allowfullscreen><\/iframe><\/div>\n","protected":false},"excerpt":{"rendered":"<p>O cinema independente nacional chega com mais uma obra que tem o potencial de chamar muita aten\u00e7\u00e3o com a exibi\u00e7\u00e3o do longa-metragem O Deserto de Akin, que \u00e9 o terceiro longa-metragem na filmografia do diretor e roteirista Bernard Lessa, conhecido pelos curtas Tejo Mar, Sopro, Uivo e Assobio, e o filme A Mat\u00e9ria Escura. Com [&hellip;]<\/p>\n","protected":false},"author":2328,"featured_media":25442,"comment_status":"open","ping_status":"open","sticky":false,"template":"","format":"standard","meta":{"_mi_skip_tracking":false,"_exactmetrics_sitenote_active":false,"_exactmetrics_sitenote_note":"","_exactmetrics_sitenote_category":0,"footnotes":""},"categories":[29],"tags":[3613,217,3611,201,3612],"class_list":["post-25441","post","type-post","status-publish","format-standard","has-post-thumbnail","hentry","category-filmes","tag-bernard-lessa","tag-cinema","tag-cinema-independente","tag-filmes","tag-o-deserto-de-akin"],"_links":{"self":[{"href":"https:\/\/terranerdica.com.br\/index.php\/wp-json\/wp\/v2\/posts\/25441"}],"collection":[{"href":"https:\/\/terranerdica.com.br\/index.php\/wp-json\/wp\/v2\/posts"}],"about":[{"href":"https:\/\/terranerdica.com.br\/index.php\/wp-json\/wp\/v2\/types\/post"}],"author":[{"embeddable":true,"href":"https:\/\/terranerdica.com.br\/index.php\/wp-json\/wp\/v2\/users\/2328"}],"replies":[{"embeddable":true,"href":"https:\/\/terranerdica.com.br\/index.php\/wp-json\/wp\/v2\/comments?post=25441"}],"version-history":[{"count":3,"href":"https:\/\/terranerdica.com.br\/index.php\/wp-json\/wp\/v2\/posts\/25441\/revisions"}],"predecessor-version":[{"id":25447,"href":"https:\/\/terranerdica.com.br\/index.php\/wp-json\/wp\/v2\/posts\/25441\/revisions\/25447"}],"wp:featuredmedia":[{"embeddable":true,"href":"https:\/\/terranerdica.com.br\/index.php\/wp-json\/wp\/v2\/media\/25442"}],"wp:attachment":[{"href":"https:\/\/terranerdica.com.br\/index.php\/wp-json\/wp\/v2\/media?parent=25441"}],"wp:term":[{"taxonomy":"category","embeddable":true,"href":"https:\/\/terranerdica.com.br\/index.php\/wp-json\/wp\/v2\/categories?post=25441"},{"taxonomy":"post_tag","embeddable":true,"href":"https:\/\/terranerdica.com.br\/index.php\/wp-json\/wp\/v2\/tags?post=25441"}],"curies":[{"name":"wp","href":"https:\/\/api.w.org\/{rel}","templated":true}]}}