{"id":25252,"date":"2025-05-21T09:18:54","date_gmt":"2025-05-21T12:18:54","guid":{"rendered":"https:\/\/terranerdica.com.br\/?p=25252"},"modified":"2025-05-21T11:17:03","modified_gmt":"2025-05-21T14:17:03","slug":"bienal-do-livro-rio-2025-festival-tera-praca-com-protagonismo-para-as-tribos-literarias","status":"publish","type":"post","link":"https:\/\/terranerdica.com.br\/index.php\/2025\/05\/21\/bienal-do-livro-rio-2025-festival-tera-praca-com-protagonismo-para-as-tribos-literarias\/","title":{"rendered":"Bienal do Livro Rio 2025 | Festival ter\u00e1 pra\u00e7a com protagonismo para as tribos liter\u00e1rias"},"content":{"rendered":"<p><span style=\"font-size: large;\">A contagem regressiva j\u00e1 come\u00e7ou para a\u00a0<span class=\"il\">Bienal<\/span>\u00a0do Livro Rio 2025, que este ano ter\u00e1 a edi\u00e7\u00e3o mais grandiosa, importante e transformadora de sua hist\u00f3ria. Entre 13 e 22 de junho, o Riocentro, na Zona Oeste do Rio de Janeiro, ser\u00e1 palco de uma verdadeira celebra\u00e7\u00e3o da literatura, da cultura e do entretenimento, reunindo autores mundialmente reconhecidos, curadores amados pelo p\u00fablico, novas experi\u00eancias que trazem vida \u00e0s narrativas e uma programa\u00e7\u00e3o diversa e transversal que coloca o livro no centro de tudo. Mais do que promover o h\u00e1bito da leitura, valorizando o pensamento coletivo e a constru\u00e7\u00e3o em rede, a\u00a0<span class=\"il\">Bienal<\/span>\u00a0deste ano quer criar conex\u00f5es genu\u00ednas entre pessoas e hist\u00f3rias, com experi\u00eancias imersivas e interativas que v\u00e3o transformar o evento em uma verdadeira comunidade liter\u00e1ria, com \u201cTodos na mesma p\u00e1gina\u201d. O evento \u00e9 apresentado pela Shell Brasil e pelo Ita\u00fa.<\/span><\/p>\n<p><span style=\"font-size: large;\">Neste ano t\u00e3o especial, em que a cidade do Rio \u00e9 a Capital Mundial do Livro, t\u00edtulo concedido pela UNESCO, ser\u00e3o mais de 300 participantes e 200 horas de conte\u00fado na\u00a0<span class=\"il\">Bienal<\/span>. O homenageado desta edi\u00e7\u00e3o \u00e9 o escritor e jornalista\u00a0<b>Ruy Castro<\/b>, que lan\u00e7ar\u00e1 dois livros durante o evento \u2013 um tributo \u00e0 literatura brasileira nesse momento em que o Rio ostenta seu protagonismo global no est\u00edmulo \u00e0 leitura.<\/span><\/p>\n<p><span style=\"font-size: large;\">O festival apresenta o conceito in\u00e9dito de\u00a0<b><i>Book Park<\/i><\/b>, um verdadeiro parque liter\u00e1rio, que fortalece a import\u00e2ncia do livro em meio a experi\u00eancias ainda mais imersivas, l\u00fadicas e conectadas com diferentes p\u00fablicos.<\/span><\/p>\n<p><span style=\"font-size: large;\">Uma das grandes novidades \u00e9 a\u00a0<b>Pra\u00e7a Al\u00e9m da P\u00e1gina Shell<\/b>, um espa\u00e7o ao ar livre, na \u00e1rea central dos pavilh\u00f5es do Riocentro, que estreia nesta edi\u00e7\u00e3o como ponto de encontro das comunidades leitoras. O local reunir\u00e1 autores, artistas e influenciadores em uma programa\u00e7\u00e3o interativa e criativa, que vai de gincanas liter\u00e1rias a festas tem\u00e1ticas, passando por m\u00fasica ao vivo, performances e tend\u00eancias das redes sociais, subvertendo o formato tradicional de troca com os autores para que o leitor seja protagonista. Inspirada na ideia de que os livros podem transformar vidas, a proposta deste novo espa\u00e7o, com curadoria da publicit\u00e1ria Heloiza Daou, \u00e9 destacar como um enredo ou personagem pode marcar o leitor.\u00a0<\/span><\/p>\n<p><span style=\"font-size: large;\"><em>A <span class=\"il\">Bienal<\/span> \u00e9 muito mais do que um festival: \u00e9 uma celebra\u00e7\u00e3o da leitura e da pot\u00eancia transformadora dos livros. E se est\u00e1 presente na mem\u00f3ria afetiva da cidade h\u00e1 d\u00e9cadas, desta vez, os visitantes v\u00e3o viver experi\u00eancias ainda mais marcantes, como nunca se viu antes<\/em>, afirma Tatiana Zaccaro, diretora da GL events Exhibitions, organizadora do evento em parceria com o Sindicato Nacional dos Editores de Livros (SNEL).<\/span><\/p>\n<p><span style=\"font-size: large;\"><em>Nesta edi\u00e7\u00e3o t\u00e3o especial, a <span class=\"il\">Bienal<\/span>\u00a0\u00e9, sem d\u00favida, o mais importante evento do Rio Capital Mundial do Livro, uma honra que tem a impress\u00e3o digital tanto do SNEL como da GL pela contribui\u00e7\u00e3o maci\u00e7a para a elabora\u00e7\u00e3o do projeto escolhido\u00a0pela UNESCO. Se, na \u00faltima\u00a0<span class=\"il\">Bienal<\/span>, comemoramos os 40 anos do maior festival liter\u00e1rio do pa\u00eds, este ano olhamos para o futuro, para mostrar a import\u00e2ncia do livro em todas as suas formas<\/em>, conta o presidente do SNEL, Dante Cid. <em>O SNEL tem muita honra e orgulho desta linda e gigantesca festa cultural, desde o seu in\u00edcio<\/em>, conclui.<\/span><\/p>\n<p><span style=\"font-size: large;\"><em>Esse \u00e9 o nosso segundo ano de parceria com a <span class=\"il\">Bienal<\/span> do Livro do Rio, um evento de tamanha import\u00e2ncia que ganhou o t\u00edtulo de Patrim\u00f4nio Cultural Imaterial do Estado do Rio de Janeiro. E que nesse ano ganha uma relev\u00e2ncia muito maior com a cidade sendo a Capital Mundial do Livro. A parceria \u00e9 um reflexo da nossa agenda de patroc\u00ednios culturais, que reitera o compromisso da Shell com a sociedade brasileira ao apoiar iniciativas que promovam o desenvolvimento e a educa\u00e7\u00e3o<\/em>, comenta Glauco Paiva, gerente executivo de Comunica\u00e7\u00e3o e Responsabilidade Social da Shell Brasil.<\/span><\/p>\n<p><b><span style=\"font-size: large;\">Protagonistas da leitura<\/span><\/b><\/p>\n<p><span style=\"font-size: large;\">A programa\u00e7\u00e3o completa da\u00a0<span class=\"il\">Bienal<\/span>\u00a0do Livro Rio j\u00e1 est\u00e1 dispon\u00edvel no\u00a0<a href=\"https:\/\/bienaldolivro.com.br\/\" target=\"_blank\" rel=\"noopener\" data-saferedirecturl=\"https:\/\/www.google.com\/url?q=https:\/\/bienaldolivro.com.br\/&amp;source=gmail&amp;ust=1747914670634000&amp;usg=AOvVaw0nCZkVbmAVEOUHAUS4igWN\">site oficial<\/a>\u00a0e foi divulgada em uma coletiva de imprensa no Santu\u00e1rio Cristo Redentor, na \u00faltima quinta-feira, dia 8 de maio. Dentre os autores brasileiros confirmados e anunciados no encontro com jornalistas, nomes de peso como\u00a0<b>Ailton Krenak<\/b>,\u00a0<b>Concei\u00e7\u00e3o Evaristo<\/b>,\u00a0<b>Marcelo Rubens Paiva<\/b>,\u00a0<b>Drauzio Varella<\/b>,\u00a0<b>Pedro Bial<\/b>,\u00a0<b>Miriam Leit\u00e3o<\/b>,\u00a0<b>Mario Sergio Cortella<\/b>,\u00a0<b>Leandro Karnal<\/b>,\u00a0<b>Gabriela Proli<\/b>,\u00a0<b>Itamar Vieira Junior<\/b>,\u00a0<b>Raphael Montes<\/b>,\u00a0<b>Aline Bei<\/b>,\u00a0<b>Jeferson Ten\u00f3rio<\/b>, entre outros.<\/span><\/p>\n<p><span style=\"font-size: large;\">A\u00a0<span class=\"il\">Bienal<\/span>\u00a0do Rio tamb\u00e9m ser\u00e1 ponto de encontro para autores consagrados da cena internacional, como a nigeriana\u00a0<b>Chimamanda Ngozi Adichie<\/b>, a cubana\u00a0<b>Teresa C\u00e1rdenas<\/b>, o mangak\u00e1 japon\u00eas\u00a0<b>Nagabe<\/b>, o sul-coreano\u00a0<b>Kim Ho-yeon<\/b>, o portugu\u00eas\u00a0<b>Afonso Cruz<\/b>, a brit\u00e2nica\u00a0<b>Cara Hunter<\/b>, as italianas\u00a0<b>Dacia Maraini<\/b>\u00a0e\u00a0<b>Antonella Lattanzi<\/b>, a chilena\u00a0<b>Lina Meruane<\/b>, os norte-americanos\u00a0<b>GT Karber<\/b>,\u00a0<b>Lynn Painter<\/b>\u00a0e\u00a0<b>Alexene Farol Follmuth<\/b>, e a canadense\u00a0<b>Brynne Weaver<\/b>.<\/span><\/p>\n<p><span style=\"font-size: large;\">Essas e outras vozes v\u00e3o participar de encontros em espa\u00e7os como o tradicional\u00a0<b>Caf\u00e9 Liter\u00e1rio P\u00f3len<\/b>, que celebra 25 anos como o palco das reflex\u00f5es mais profundas sobre temas contempor\u00e2neos importantes para a sociedade; o\u00a0<b>Palco Apoteose Shell<\/b>, ponto efervescente da\u00a0<span class=\"il\">Bienal<\/span>, uma arena para grandes encontros e experi\u00eancias imersivas que mistura literatura e cultura pop com 40 pain\u00e9is e mais de 70 horas de conte\u00fado; al\u00e9m da pr\u00f3pria Pra\u00e7a Al\u00e9m da P\u00e1gina Shell.<\/span><\/p>\n<p><span style=\"font-size: large;\">Dentre os curadores do Apoteose, est\u00e3o\u00a0<b>Thalita Rebou\u00e7as<\/b>, que vai desenvolver debates sobre temas como viol\u00eancia dom\u00e9stica, adolesc\u00eancia, parentalidade consciente, menopausa e sororidade;\u00a0<b>Clara Alves<\/b>, com uma programa\u00e7\u00e3o voltada para o p\u00fablico jovem, incluindo o novo\u00a0<b><span class=\"il\">Bienal<\/span>\u00a0Late Show<\/b>, talk show liter\u00e1rio que promete surpreender com din\u00e2micas ao vivo e bate-papos descontra\u00eddos; al\u00e9m da dupla\u00a0<b>Rosane Svartman<\/b>\u00a0e\u00a0<b>Cl\u00e9lia Bessa<\/b>, que comandar\u00e1 o\u00a0<b>P\u00e1ginas na Tela<\/b>, formato de conte\u00fado dedicado a explorar a rela\u00e7\u00e3o entre narrativas liter\u00e1rias e o universo audiovisual.<\/span><\/p>\n<p><span style=\"font-size: large;\">J\u00e1 o time de curadores do Caf\u00e9 Liter\u00e1rio re\u00fane\u00a0<b>L\u00e1zaro Ramos<\/b>, que, dentre outros assuntos, mediar\u00e1 uma conversa potente sobre a obra e o legado de Machado de Assis; e\u00a0<b>Fl\u00e1via Oliveira<\/b>, que discutir\u00e1 temas como mudan\u00e7as clim\u00e1ticas, seguran\u00e7a p\u00fablica e a jornada de seis dias. J\u00e1\u00a0<b>Luiz Antonio Simas<\/b>, que conquistou o p\u00fablico na \u00faltima edi\u00e7\u00e3o com o \u2018Sextou com Simas\u2019, contar\u00e1 uma aula inusitada de cultura popular sobre os Santos Juninos; enquanto os premiados autores Itamar Vieira Junior e Jeferson Ten\u00f3rio participam de um bate-papo sobre o protagonismo da literatura nacional, sob a curadoria de\u00a0<b>Pedro Pac\u00edfico<\/b>, o\u00a0<i>Bookster<\/i>, que em sua estreia como curador promete trazer para a programa\u00e7\u00e3o os encontros que um leitor comum gostaria de ver. Ap\u00f3s sucesso na\u00a0<span class=\"il\">Bienal<\/span>\u00a02023, o\u00a0<b>P\u00e1ginas no Palco<\/b>\u00a0est\u00e1 de volta ao Caf\u00e9 Liter\u00e1rio: sob a curadoria de\u00a0<b>Bianca Ramoneda<\/b>, a sess\u00e3o criativa vai explorar as conex\u00f5es entre o universo liter\u00e1rio e as artes c\u00eanicas.<\/span><\/p>\n<p><span style=\"font-size: large;\">Para os pr\u00e9-adolescentes, a\u00a0<span class=\"il\">Bienal<\/span>\u00a0ter\u00e1 a programa\u00e7\u00e3o especial do\u00a0<b>Curto-Circuito<\/b>, com uma grade que mistura\u00a0<i>creators<\/i>\u00a0e autores pops da literatura, sob curadoria de\u00a0<b>Carolina Sanches<\/b>. J\u00e1 os f\u00e3s de quadrinhos e cultura geek ter\u00e3o espa\u00e7o garantido na segunda edi\u00e7\u00e3o do\u00a0<b>Artists Alley<\/b>. Com curadoria de\u00a0<b>Sidney Gusman\u00a0<\/b>e patrocinado pelo TikTok,\u00a0\u00a0o espa\u00e7o ganhou mais relev\u00e2ncia na edi\u00e7\u00e3o deste ano com\u00a0<i>line up\u00a0<\/i>de peso reunindo quadrinistas e ilustradores.<\/span><\/p>\n<p><span style=\"font-size: large;\">A programa\u00e7\u00e3o infantil, como sempre, ter\u00e1 contornos especiais em um espa\u00e7o de 500m\u00b2\u00a0sem paredes, onde tudo est\u00e1 conectado: livros, crian\u00e7as, personagens, hist\u00f3rias. Anal\u00f3gico e digital. Realidade e fantasia. Na\u00a0<b>Biblioteca Fant\u00e1stica<\/b>, livros viram t\u00faneis, personagens interagem com o p\u00fablico, p\u00e1ginas voam e se transformam em labirintos. O espa\u00e7o ser\u00e1 um ref\u00fagio para a imagina\u00e7\u00e3o dos pequenos leitores, suas fam\u00edlias, amigos e professores, fazendo um convite para a conex\u00e3o com essa rede social real. A curadoria \u00e9 assinada pela ag\u00eancia\u00a0<b>LERConecta<\/b>, do trio\u00a0<b>Rona Hanning<\/b>,\u00a0<b>Martha Ribas<\/b>\u00a0e\u00a0<b>Carolina Sanches<\/b>.<\/span><\/p>\n<p><b><span style=\"font-size: large;\">Ingressos \u00e0 venda<\/span><\/b><\/p>\n<p><span style=\"font-size: large;\">Os ingressos podem ser comprados pelo\u00a0<a href=\"http:\/\/www.bienaldolivro.com.br\/\" target=\"_blank\" rel=\"noopener\" data-saferedirecturl=\"https:\/\/www.google.com\/url?q=http:\/\/www.bienaldolivro.com.br&amp;source=gmail&amp;ust=1747914670634000&amp;usg=AOvVaw0ZDf5Enyzc6aNEc7D9Cm5V\">site oficial do evento<\/a>\u00a0por R$ 42 (inteira) e R$ 21 (meia). Professores e bibliotec\u00e1rios t\u00eam acesso gratuito\/desconto, com a apresenta\u00e7\u00e3o da carteira profissional.\u00a0J\u00e1 aqueles que quiserem brincar na roda gigante tamb\u00e9m podem adquirir o ticket antecipadamente a R$ 20 (inteira) e R$ 10 (meia) por pessoa. Para esta edi\u00e7\u00e3o, o servi\u00e7o de transporte privado ser\u00e1 ampliado em rotas estrat\u00e9gicas, facilitando o acesso ao Riocentro. Os hor\u00e1rios e pontos de embarque tamb\u00e9m estar\u00e3o dispon\u00edveis no site oficial.<\/span><\/p>\n<p><span style=\"font-size: large;\">Os bienalers ainda ter\u00e3o uma facilidade extra na palma da m\u00e3o: no aplicativo oficial do festival, ser\u00e1 poss\u00edvel montar a pr\u00f3pria agenda, organizar a sua lista de compras, acompanhar a programa\u00e7\u00e3o completa, acessar o mapa do Riocentro e receber notifica\u00e7\u00f5es em tempo real. Al\u00e9m disso, os leitores poder\u00e3o criar sua biblioteca virtual, avaliar e trocar opini\u00f5es de suas leituras e compartilhar experi\u00eancias no que ser\u00e1 uma nova rede social para amantes dos livros.<\/span><\/p>\n<p><span style=\"font-size: large;\">Este ano, a distribui\u00e7\u00e3o de senhas para sess\u00f5es de aut\u00f3grafos com autores ser\u00e1 online e as datas de retirada ser\u00e3o divulgadas em breve. Outra novidade \u00e9 a\u00a0<a href=\"http:\/\/lojabienalrio.com.br\/\" target=\"_blank\" rel=\"noopener\" data-saferedirecturl=\"https:\/\/www.google.com\/url?q=http:\/\/lojabienalrio.com.br\/&amp;source=gmail&amp;ust=1747914670634000&amp;usg=AOvVaw0qKS0LVlR1t-pvBmirJYeR\">Loja\u00a0<span class=\"il\">Bienal<\/span><\/a>, plataforma online com produtos exclusivos que celebram o universo liter\u00e1rio e prometem conquistar os f\u00e3s.<\/span><\/p>\n","protected":false},"excerpt":{"rendered":"<p>A contagem regressiva j\u00e1 come\u00e7ou para a\u00a0Bienal\u00a0do Livro Rio 2025, que este ano ter\u00e1 a edi\u00e7\u00e3o mais grandiosa, importante e transformadora de sua hist\u00f3ria. Entre 13 e 22 de junho, o Riocentro, na Zona Oeste do Rio de Janeiro, ser\u00e1 palco de uma verdadeira celebra\u00e7\u00e3o da literatura, da cultura e do entretenimento, reunindo autores mundialmente [&hellip;]<\/p>\n","protected":false},"author":2,"featured_media":25255,"comment_status":"open","ping_status":"open","sticky":false,"template":"","format":"standard","meta":{"_mi_skip_tracking":false,"_exactmetrics_sitenote_active":false,"_exactmetrics_sitenote_note":"","_exactmetrics_sitenote_category":0,"footnotes":""},"categories":[2974,31],"tags":[2988,1232],"class_list":["post-25252","post","type-post","status-publish","format-standard","has-post-thumbnail","hentry","category-bienal-do-livro","category-livros","tag-bienal","tag-livros"],"_links":{"self":[{"href":"https:\/\/terranerdica.com.br\/index.php\/wp-json\/wp\/v2\/posts\/25252"}],"collection":[{"href":"https:\/\/terranerdica.com.br\/index.php\/wp-json\/wp\/v2\/posts"}],"about":[{"href":"https:\/\/terranerdica.com.br\/index.php\/wp-json\/wp\/v2\/types\/post"}],"author":[{"embeddable":true,"href":"https:\/\/terranerdica.com.br\/index.php\/wp-json\/wp\/v2\/users\/2"}],"replies":[{"embeddable":true,"href":"https:\/\/terranerdica.com.br\/index.php\/wp-json\/wp\/v2\/comments?post=25252"}],"version-history":[{"count":1,"href":"https:\/\/terranerdica.com.br\/index.php\/wp-json\/wp\/v2\/posts\/25252\/revisions"}],"predecessor-version":[{"id":25254,"href":"https:\/\/terranerdica.com.br\/index.php\/wp-json\/wp\/v2\/posts\/25252\/revisions\/25254"}],"wp:featuredmedia":[{"embeddable":true,"href":"https:\/\/terranerdica.com.br\/index.php\/wp-json\/wp\/v2\/media\/25255"}],"wp:attachment":[{"href":"https:\/\/terranerdica.com.br\/index.php\/wp-json\/wp\/v2\/media?parent=25252"}],"wp:term":[{"taxonomy":"category","embeddable":true,"href":"https:\/\/terranerdica.com.br\/index.php\/wp-json\/wp\/v2\/categories?post=25252"},{"taxonomy":"post_tag","embeddable":true,"href":"https:\/\/terranerdica.com.br\/index.php\/wp-json\/wp\/v2\/tags?post=25252"}],"curies":[{"name":"wp","href":"https:\/\/api.w.org\/{rel}","templated":true}]}}