{"id":25135,"date":"2025-03-23T20:34:05","date_gmt":"2025-03-23T23:34:05","guid":{"rendered":"https:\/\/terranerdica.com.br\/?p=25135"},"modified":"2025-03-23T20:43:09","modified_gmt":"2025-03-23T23:43:09","slug":"adolescencia-2025-e-uma-das-melhores-minisseries-da-netflix","status":"publish","type":"post","link":"https:\/\/terranerdica.com.br\/index.php\/2025\/03\/23\/adolescencia-2025-e-uma-das-melhores-minisseries-da-netflix\/","title":{"rendered":"&#8220;Adolesc\u00eancia&#8221; (2025) \u00e9 uma das melhores miniss\u00e9ries da Netflix"},"content":{"rendered":"<p>\u00c9, galera. Faz um tempo que eu n\u00e3o escrevo aqui sobre s\u00e9ries. Para quem acompanha sabe que os primeiros textos que publiquei foram reviews de s\u00e9ries. Em geral eu tenho s\u00f3 visto as que s\u00e3o antigas e que j\u00e1 est\u00e3o conclu\u00eddas. Mas a miniss\u00e9rie &#8220;Adolesc\u00eancia&#8221; (2025) me fez sair do hiato.<\/p>\n<p>Um coment\u00e1rio relevante \u00e9 que eu adoro miniss\u00e9ries, especialmente as brit\u00e2nicas. J\u00e1 assisti algumas excelentes, inclusive posso fazer uma mat\u00e9ria sobre isso no futuro.<\/p>\n<p>Eu assisti <em>Adolesc\u00eancia<\/em> quase sem saber sobre o que se tratava e achei uma \u00f3tima experi\u00eancia fazer isso, mas para quem j\u00e1 viu, ou n\u00e3o tem ideia do que se trata, vou dar alguns detalhes interessantes.<\/p>\n<p><img decoding=\"async\" src=\"https:\/\/cst.brightspotcdn.com\/dims4\/default\/a5145ec\/2147483647\/strip\/true\/crop\/3240x2160+300+0\/resize\/840x560!\/quality\/90\/?url=https%3A%2F%2Fchorus-production-cst-web.s3.us-east-1.amazonaws.com%2Fbrightspot%2F07%2F99%2F118c330e4476ad1b0a14e3c66dbb%2Ftv-adolescence.jpg\" \/><\/p>\n<p><strong>Todos os epis\u00f3dios s\u00e3o filmados em plano sequ\u00eancia<\/strong><\/p>\n<p>Para quem n\u00e3o sabe, Plano Sequ\u00eancia \u00e9 quando n\u00e3o h\u00e1 cortes na grava\u00e7\u00e3o. \u00c9 basicamente tudo em um take. Alguns filmes ficaram bem conhecidos por isso, voc\u00eas devem se lembrar de &#8220;1917&#8221; (2019) que \u00e9 um filme que se passa na Primeira Guerra Mundial.<\/p>\n<blockquote><p>Toda obra em plano sequ\u00eancia \u00e9 realizada dessa forma por uma escolha art\u00edstica e intencional.<\/p><\/blockquote>\n<p>Toda obra em plano sequ\u00eancia \u00e9 realizada dessa forma por uma escolha art\u00edstica e intencional. Afinal \u00e9 muito mais trabalhoso do que gravar takes e editar depois, ent\u00e3o precisa valer a pena. E valeu!<\/p>\n<p>Para uma grava\u00e7\u00e3o dessas \u00e9 preciso MUITO ensaio, como se fosse uma pe\u00e7a de teatro. Imagina que cada ator tem as suas falas, os figurantes tem movimentos, o cen\u00e1rio e a ilumina\u00e7\u00e3o precisam alterar-se conforme as deixas combinadas. Mas um filme em plano sequ\u00eancia costuma ter movimenta\u00e7\u00f5es em 360\u00ba, o que significa que tudo ao redor precisa estar perfeitamente ordenado e bem dirigido.<\/p>\n<p>O resultado disso tudo \u00e9 a sensa\u00e7\u00e3o de que n\u00e3o h\u00e1 tempo para &#8220;piscar&#8221;. E essa s\u00e9rie utiliza esse recurso muito bem. A tens\u00e3o causada por isso \u00e9 completamente intencional.<\/p>\n<p><img loading=\"lazy\" decoding=\"async\" class=\"alignnone\" src=\"https:\/\/occ-0-8407-1007.1.nflxso.net\/dnm\/api\/v6\/E8vDc_W8CLv7-yMQu8KMEC7Rrr8\/AAAABRFb4zYJLGSsBXPgpvaTR4cbCZclVdXlBSFW2Z3xCr-9DYT1BH_81orGOlNMruHTi_7w41Ze2t2Mf-x9bNVILFxhPi9dwLThPJ4s.jpg?r=0c4\" alt=\"Foto: Reprodu\u00e7\u00e3o | Netflix\" width=\"1280\" height=\"720\" \/><\/p>\n<p><strong>Homic\u00eddio, problemas escolares, transtorno de personalidade e destrui\u00e7\u00e3o familiar<\/strong><\/p>\n<blockquote><p>Imagina que voc\u00ea nem levantou da cama e a pol\u00edcia invade sua casa para dizer que seu filho, de 13 anos, \u00e9 suspeito principal de um caso de homic\u00eddio?<\/p><\/blockquote>\n<p>Imagina que voc\u00ea nem levantou da cama e a pol\u00edcia invade sua casa para dizer que seu filho, de 13 anos, \u00e9 suspeito principal de um caso de homic\u00eddio? A vida da fam\u00edlia Miller muda completamente ap\u00f3s essa manh\u00e3 tensa. A partir da\u00ed vemos todo o processo para interrogat\u00f3rio e acusa\u00e7\u00e3o de um crime.<\/p>\n<p>Curiosidade: Na Inglaterra, a maioridade penal \u00e9 de 10 anos, ainda que a priva\u00e7\u00e3o de liberdade seja somente aos 15. Ent\u00e3o Jaime (Owen Cooper) pode responder por seus atos.<\/p>\n<p>O primeiro epis\u00f3dio se passa principalmente dentro de uma delegacia. \u00c9 muito interessante ver todo o processo e ir tentando descobrir o que est\u00e1 acontecendo.<\/p>\n<p>Os epis\u00f3dios a seguir <em>s\u00e3o sensacionais<\/em>, cada um trata um lado muito importante dessa hist\u00f3ria. Eles tem cen\u00e1rios diferentes e os \u00fanicos cortes da s\u00e9rie se d\u00e3o entre um epis\u00f3dio e outro. H\u00e1 tamb\u00e9m uma passagem de tempo importante entre epis\u00f3dios.<\/p>\n<p>\u00c9 dif\u00edcil comparar qual epis\u00f3dio \u00e9 melhor, quase imposs\u00edvel na verdade. Cada um me trouxe uma sensa\u00e7\u00e3o \u00fanica. Dou um destaque para o Epis\u00f3dio 2 que se passa na escola, a sensa\u00e7\u00e3o de &#8220;pris\u00e3o&#8221; \u00e9 um pouco parecida com que j\u00e1 senti em ambientes escolares, o caos que \u00e9 lidar com adolescentes rebeldes dentro de uma disciplina &#8220;militar&#8221; que n\u00e3o faz mais sentido hoje, a exig\u00eancia da autoridade em uma sala de aula. \u00c9 um caos completo, todo mundo sabe. Eu achei o epis\u00f3dio simplesmente genial.<\/p>\n<p>E o epis\u00f3dio final traz o lado que todo mundo gostaria de ver: o que isso tudo resultou no cotidiano na fam\u00edlia? N\u00e3o \u00e9 uma situa\u00e7\u00e3o comum e o sentimento de culpa \u00e9 inevit\u00e1vel. A frustra\u00e7\u00e3o que essa fam\u00edlia sente e a tentativa de viver normalmente, mesmo sendo imposs\u00edvel, \u00e9 agoniante.<\/p>\n<p>Por fim, Adolesc\u00eancia \u00e9 INCR\u00cdVEL. Uma obra prima, perfeita. Fazia tempo que eu n\u00e3o assistia algo que eu gostava tanto sem ser desenho\/anime.<\/p>\n<figure id=\"attachment_13827\" aria-describedby=\"caption-attachment-13827\" style=\"width: 645px\" class=\"wp-caption aligncenter\"><img loading=\"lazy\" decoding=\"async\" class=\"size-full wp-image-13827\" src=\"http:\/\/terranerdica.com.br\/wp-content\/uploads\/2021\/08\/5.png\" alt=\"\" width=\"645\" height=\"113\" srcset=\"https:\/\/terranerdica.com.br\/wp-content\/uploads\/2021\/08\/5.png 645w, https:\/\/terranerdica.com.br\/wp-content\/uploads\/2021\/08\/5-300x53.png 300w\" sizes=\"(max-width: 645px) 100vw, 645px\" \/><figcaption id=\"caption-attachment-13827\" class=\"wp-caption-text\">Nota: 5 de 5 (Excelente)<\/figcaption><\/figure>\n<p>&nbsp;<\/p>\n<p>Assista o trailer:<\/p>\n<p><iframe loading=\"lazy\" title=\"Adolesc\u00eancia | Trailer oficial | Netflix\" width=\"500\" height=\"281\" src=\"https:\/\/www.youtube.com\/embed\/mh48KXaCSxM?feature=oembed\" frameborder=\"0\" allow=\"accelerometer; autoplay; clipboard-write; encrypted-media; gyroscope; picture-in-picture; web-share\" referrerpolicy=\"strict-origin-when-cross-origin\" allowfullscreen><\/iframe><\/p>\n","protected":false},"excerpt":{"rendered":"<p>\u00c9, galera. Faz um tempo que eu n\u00e3o escrevo aqui sobre s\u00e9ries. Para quem acompanha sabe que os primeiros textos que publiquei foram reviews de s\u00e9ries. Em geral eu tenho s\u00f3 visto as que s\u00e3o antigas e que j\u00e1 est\u00e3o conclu\u00eddas. Mas a miniss\u00e9rie &#8220;Adolesc\u00eancia&#8221; (2025) me fez sair do hiato. Um coment\u00e1rio relevante \u00e9 [&hellip;]<\/p>\n","protected":false},"author":24,"featured_media":25139,"comment_status":"open","ping_status":"open","sticky":false,"template":"","format":"standard","meta":{"_mi_skip_tracking":false,"_exactmetrics_sitenote_active":false,"_exactmetrics_sitenote_note":"","_exactmetrics_sitenote_category":0,"footnotes":""},"categories":[2352],"tags":[],"class_list":["post-25135","post","type-post","status-publish","format-standard","has-post-thumbnail","hentry","category-netflix"],"_links":{"self":[{"href":"https:\/\/terranerdica.com.br\/index.php\/wp-json\/wp\/v2\/posts\/25135"}],"collection":[{"href":"https:\/\/terranerdica.com.br\/index.php\/wp-json\/wp\/v2\/posts"}],"about":[{"href":"https:\/\/terranerdica.com.br\/index.php\/wp-json\/wp\/v2\/types\/post"}],"author":[{"embeddable":true,"href":"https:\/\/terranerdica.com.br\/index.php\/wp-json\/wp\/v2\/users\/24"}],"replies":[{"embeddable":true,"href":"https:\/\/terranerdica.com.br\/index.php\/wp-json\/wp\/v2\/comments?post=25135"}],"version-history":[{"count":5,"href":"https:\/\/terranerdica.com.br\/index.php\/wp-json\/wp\/v2\/posts\/25135\/revisions"}],"predecessor-version":[{"id":25141,"href":"https:\/\/terranerdica.com.br\/index.php\/wp-json\/wp\/v2\/posts\/25135\/revisions\/25141"}],"wp:featuredmedia":[{"embeddable":true,"href":"https:\/\/terranerdica.com.br\/index.php\/wp-json\/wp\/v2\/media\/25139"}],"wp:attachment":[{"href":"https:\/\/terranerdica.com.br\/index.php\/wp-json\/wp\/v2\/media?parent=25135"}],"wp:term":[{"taxonomy":"category","embeddable":true,"href":"https:\/\/terranerdica.com.br\/index.php\/wp-json\/wp\/v2\/categories?post=25135"},{"taxonomy":"post_tag","embeddable":true,"href":"https:\/\/terranerdica.com.br\/index.php\/wp-json\/wp\/v2\/tags?post=25135"}],"curies":[{"name":"wp","href":"https:\/\/api.w.org\/{rel}","templated":true}]}}