{"id":24974,"date":"2025-02-13T12:56:53","date_gmt":"2025-02-13T15:56:53","guid":{"rendered":"https:\/\/terranerdica.com.br\/?p=24974"},"modified":"2025-02-13T12:56:53","modified_gmt":"2025-02-13T15:56:53","slug":"polifonia-2025-polifonia-apresenta-emo-vive","status":"publish","type":"post","link":"https:\/\/terranerdica.com.br\/index.php\/2025\/02\/13\/polifonia-2025-polifonia-apresenta-emo-vive\/","title":{"rendered":"Polifonia 2025 | Polifonia apresenta: EMO VIVE"},"content":{"rendered":"<p>Aten\u00e7\u00e3o EMO! Prepare-se para uma grande celebra\u00e7\u00e3o cheia de emo\u00e7\u00f5es, o <strong>Emo Vive<\/strong>!<br \/>\nAp\u00f3s cinco edi\u00e7\u00f5es, o <a href=\"https:\/\/terranerdica.com.br\/?s=polifonia\"><strong>Festival Polifonia<\/strong><\/a> cresceu e passar\u00e1 pelo Rio de Janeiro, S\u00e3o Paulo e Porto Alegre, com a edi\u00e7\u00e3o &#8220;<a href=\"https:\/\/www.festivalpolifonia.com.br\/\"><strong>Emo Vive<\/strong><\/a>&#8220;.<\/p>\n<p>O &#8220;<strong>Emo Vive<\/strong>&#8221; n\u00e3o \u00e9 apenas um festival, \u00e9 um testemunho vivo da resili\u00eancia e da relev\u00e2ncia duradoura da cultura emo. Em formato de turn\u00ea, o \u201cEmo Vive\u201d leva para as cidades de <strong>S\u00e3o Paulo, Rio de Janeiro e Porto Alegre<\/strong> tr\u00eas bandas internacionais e nosso principal representante brasileiro.<\/p>\n<p>A <strong>Fresno<\/strong> se junta aos americanos do <strong>Anberlin, Emery e MAE<\/strong> em shows especiais revivendo na \u00edntegra \u00e1lbuns que constru\u00edram a hist\u00f3ria do Emo. Uma verdadeira celebra\u00e7\u00e3o ao estilo que faz a gente chorar, mas que a gente ama e n\u00e3o esquece nunca.<\/p>\n<p><img decoding=\"async\" class=\"aligncenter\" src=\"https:\/\/moodgate.com.br\/wp-content\/uploads\/2025\/02\/image-22-819x1024.png\" \/><\/p>\n<h2 class=\"wp-block-heading\">Servi\u00e7o:<\/h2>\n<h3 class=\"wp-block-heading\">Porto Alegre<\/h3>\n<ul class=\"wp-block-list\">\n<li><strong>Local:<\/strong>\u00a0Audit\u00f3rio Ara\u00fajo Vianna (Avenida Osvaldo Aranha, 685)<\/li>\n<li><strong>Data:<\/strong>\u00a004 de junho de 2025 (quinta-feira)<\/li>\n<li><strong>Hor\u00e1rio:<\/strong>\u00a019h (abertura da casa: 18h)<\/li>\n<li><strong>Classifica\u00e7\u00e3o:<\/strong>\u00a016 anos. Menores de 16 anos acompanhados por respons\u00e1vel. Crian\u00e7as at\u00e9 24 meses n\u00e3o pagam entrada e ficam no colo dos respons\u00e1veis durante a apresenta\u00e7\u00e3o. A partir de 02 anos e 1 dia, a crian\u00e7a paga meia-entrada mediante apresenta\u00e7\u00e3o da carteira de identidade ou certid\u00e3o de nascimento.<\/li>\n<\/ul>\n<h4 class=\"wp-block-heading\">Ingressos<\/h4>\n<ul class=\"wp-block-list\">\n<li><strong>Lote 1:<\/strong>\n<ul class=\"wp-block-list\">\n<li>Plateia Alta Lateral: Inteira Solid\u00e1ria (R$ 240), Meia-entrada (R$ 220), Inteira (R$ 440)<\/li>\n<li>Plateia Alta Central: Inteira Solid\u00e1ria (R$ 265), Meia-entrada (R$ 245), Inteira (R$ 490)<\/li>\n<li>Plateia Baixa Lateral: Inteira Solid\u00e1ria (R$ 295), Meia-entrada (R$ 275), Inteira (R$ 550)<\/li>\n<li>Plateia Baixa Central: Inteira Solid\u00e1ria (R$ 320), Meia-entrada (R$ 300), Inteira (R$ 600)<\/li>\n<li>Plateia Gold: Inteira Solid\u00e1ria (R$ 360), Meia-entrada (R$ 340), Inteira (R$ 680)<\/li>\n<\/ul>\n<\/li>\n<\/ul>\n<h4 class=\"wp-block-heading\">Observa\u00e7\u00f5es<\/h4>\n<ul class=\"wp-block-list\">\n<li>O Audit\u00f3rio Ara\u00fajo Vianna n\u00e3o se responsabiliza por ingressos comprados na plataforma Viagogo e em outros canais n\u00e3o oficiais.<\/li>\n<\/ul>\n<h3 class=\"wp-block-heading\">Rio de Janeiro<\/h3>\n<ul class=\"wp-block-list\">\n<li><strong>Local:<\/strong>\u00a0Fundi\u00e7\u00e3o Progresso (Rua dos Arcos, 24)<\/li>\n<li><strong>Data:<\/strong>\u00a006 de junho<\/li>\n<li><strong>Hor\u00e1rio:<\/strong>\u00a019h<\/li>\n<\/ul>\n<h4 class=\"wp-block-heading\">Ingressos<\/h4>\n<ul class=\"wp-block-list\">\n<li>Meia Solid\u00e1ria: R$ 290 (necess\u00e1ria a entrega de 1kg de alimento n\u00e3o-perec\u00edvel na portaria do evento)<\/li>\n<li>Meia-entrada: R$ 270<\/li>\n<li>Inteira: R$ 540<\/li>\n<\/ul>\n<h3 class=\"wp-block-heading\">S\u00e3o Paulo<\/h3>\n<ul class=\"wp-block-list\">\n<li><strong>Local:<\/strong>\u00a0Audio (Avenida Francisco Matarazzo, 694)<\/li>\n<li><strong>Datas:<\/strong>\u00a007 e 08 de junho<\/li>\n<li><strong>Hor\u00e1rio:<\/strong>\u00a0A partir das 16h<\/li>\n<\/ul>\n<h4 class=\"wp-block-heading\">Ingressos<\/h4>\n<ul class=\"wp-block-list\">\n<li><strong>Pista \u2013 Lote 1:<\/strong>\n<ul class=\"wp-block-list\">\n<li>Inteira: R$ 560<\/li>\n<li>Meia Solid\u00e1ria: R$ 300 (necess\u00e1ria a doa\u00e7\u00e3o de 1kg de alimento n\u00e3o perec\u00edvel)<\/li>\n<li>Meia-entrada: R$ 280<\/li>\n<\/ul>\n<\/li>\n<li><strong>Mezanino \u2013 Lote 1:<\/strong>\n<ul class=\"wp-block-list\">\n<li>Meia Solid\u00e1ria: R$ 460<\/li>\n<li>Meia-entrada: R$ 420<\/li>\n<li>Inteira: R$ 840<\/li>\n<\/ul>\n<\/li>\n<\/ul>\n<p><strong>Ingressos:<\/strong>\u00a0<a href=\"https:\/\/www.festivalpolifonia.com.br\/\">festivalpolifonia.com.br<\/a><\/p>\n","protected":false},"excerpt":{"rendered":"<p>Aten\u00e7\u00e3o EMO! Prepare-se para uma grande celebra\u00e7\u00e3o cheia de emo\u00e7\u00f5es, o Emo Vive! Ap\u00f3s cinco edi\u00e7\u00f5es, o Festival Polifonia cresceu e passar\u00e1 pelo Rio de Janeiro, S\u00e3o Paulo e Porto Alegre, com a edi\u00e7\u00e3o &#8220;Emo Vive&#8220;. O &#8220;Emo Vive&#8221; n\u00e3o \u00e9 apenas um festival, \u00e9 um testemunho vivo da resili\u00eancia e da relev\u00e2ncia duradoura da [&hellip;]<\/p>\n","protected":false},"author":4,"featured_media":24975,"comment_status":"open","ping_status":"open","sticky":false,"template":"","format":"standard","meta":{"_mi_skip_tracking":false,"_exactmetrics_sitenote_active":false,"_exactmetrics_sitenote_note":"","_exactmetrics_sitenote_category":0,"footnotes":""},"categories":[3473,2658],"tags":[3548,3549,3551,425,3550,3067],"class_list":["post-24974","post","type-post","status-publish","format-standard","has-post-thumbnail","hentry","category-musica","category-show","tag-anberlin","tag-emery","tag-festival-polifonia","tag-fresno","tag-mae","tag-polifonia"],"_links":{"self":[{"href":"https:\/\/terranerdica.com.br\/index.php\/wp-json\/wp\/v2\/posts\/24974"}],"collection":[{"href":"https:\/\/terranerdica.com.br\/index.php\/wp-json\/wp\/v2\/posts"}],"about":[{"href":"https:\/\/terranerdica.com.br\/index.php\/wp-json\/wp\/v2\/types\/post"}],"author":[{"embeddable":true,"href":"https:\/\/terranerdica.com.br\/index.php\/wp-json\/wp\/v2\/users\/4"}],"replies":[{"embeddable":true,"href":"https:\/\/terranerdica.com.br\/index.php\/wp-json\/wp\/v2\/comments?post=24974"}],"version-history":[{"count":2,"href":"https:\/\/terranerdica.com.br\/index.php\/wp-json\/wp\/v2\/posts\/24974\/revisions"}],"predecessor-version":[{"id":24977,"href":"https:\/\/terranerdica.com.br\/index.php\/wp-json\/wp\/v2\/posts\/24974\/revisions\/24977"}],"wp:featuredmedia":[{"embeddable":true,"href":"https:\/\/terranerdica.com.br\/index.php\/wp-json\/wp\/v2\/media\/24975"}],"wp:attachment":[{"href":"https:\/\/terranerdica.com.br\/index.php\/wp-json\/wp\/v2\/media?parent=24974"}],"wp:term":[{"taxonomy":"category","embeddable":true,"href":"https:\/\/terranerdica.com.br\/index.php\/wp-json\/wp\/v2\/categories?post=24974"},{"taxonomy":"post_tag","embeddable":true,"href":"https:\/\/terranerdica.com.br\/index.php\/wp-json\/wp\/v2\/tags?post=24974"}],"curies":[{"name":"wp","href":"https:\/\/api.w.org\/{rel}","templated":true}]}}