{"id":24943,"date":"2025-02-06T11:29:57","date_gmt":"2025-02-06T14:29:57","guid":{"rendered":"https:\/\/terranerdica.com.br\/?p=24943"},"modified":"2025-02-06T13:54:29","modified_gmt":"2025-02-06T16:54:29","slug":"critica-emilia-perez-e-bom-vale-a-pena-ver-no-cinema","status":"publish","type":"post","link":"https:\/\/terranerdica.com.br\/index.php\/2025\/02\/06\/critica-emilia-perez-e-bom-vale-a-pena-ver-no-cinema\/","title":{"rendered":"Cr\u00edtica | &#8216;Em\u00edlia Perez&#8217; \u00e9 bom? Vale a pena ver no cinema?"},"content":{"rendered":"<p>Estava ansiosa para escrever esse texto aqui! Voc\u00eas devem saber que o filme que foi indicado ao Oscar como Melhor Filme e Melhor Filme Internacional, al\u00e9m de v\u00e1rias outras categorias do pr\u00eamio, est\u00e1 envolvido em alguma <em>pol\u00eamicas<\/em>.<\/p>\n<p>Como boa cin\u00e9fila fiquei curiosa para saber, mas afinal, <strong>\u00e9 um bom filme?<\/strong><\/p>\n<p>Aqui direi a minha opini\u00e3o considerando minha experi\u00eancia no cinema e crit\u00e9rios t\u00e9cnicos e <em>pessoais <\/em>porque <strong>cinema \u00e9 experi\u00eancia<\/strong>.<\/p>\n<p>Emilia P\u00e8rez (2024) \u00e9 um filme musical dirigido por Jacques Audiard, not\u00e1vel diretor franc\u00eas premiado pelos filmes O Profeta (2010) e De tanto bater, meu cora\u00e7\u00e3o parou (2005).<\/p>\n<h4><strong>Sobre o que \u00e9, afinal?<\/strong><\/h4>\n<p>Rita (<em>Zoe Salda\u00f1a<\/em>) \u00e9 uma advogada frustrada e recebe uma &#8220;intima\u00e7\u00e3o&#8221; de Juan, um traficante mexicano, que diz que seu sonho \u00e9 tornar-se mulher e assumir a identidade de <strong>Emilia P\u00e8rez <\/strong>(<em>Karla Sof\u00eda Gascon<\/em>).<\/p>\n<p><img loading=\"lazy\" decoding=\"async\" class=\"aligncenter size-full wp-image-24945\" src=\"http:\/\/terranerdica.com.br\/wp-content\/uploads\/2025\/02\/FCDBB19D-C748-4FB3-A4C3-C949635C02B5.jpeg\" alt=\"\" width=\"800\" height=\"450\" srcset=\"https:\/\/terranerdica.com.br\/wp-content\/uploads\/2025\/02\/FCDBB19D-C748-4FB3-A4C3-C949635C02B5.jpeg 800w, https:\/\/terranerdica.com.br\/wp-content\/uploads\/2025\/02\/FCDBB19D-C748-4FB3-A4C3-C949635C02B5-300x169.jpeg 300w, https:\/\/terranerdica.com.br\/wp-content\/uploads\/2025\/02\/FCDBB19D-C748-4FB3-A4C3-C949635C02B5-768x432.jpeg 768w, https:\/\/terranerdica.com.br\/wp-content\/uploads\/2025\/02\/FCDBB19D-C748-4FB3-A4C3-C949635C02B5-750x422.jpeg 750w\" sizes=\"(max-width: 800px) 100vw, 800px\" \/><\/p>\n<p style=\"text-align: left;\">Eu sabia pouco sobre o filme antes de ver e quis manter minha cr\u00edtica o menos influenciada poss\u00edvel. Mas entendi claramente o\u00a0<em>hate\u00a0<\/em>que ele tem recebido.<\/p>\n<p>Pra come\u00e7ar, \u00e9 uma produ\u00e7\u00e3o francesa mostrando uma vis\u00e3o estereotipada do M\u00e9xico. Me surpreende uma produ\u00e7\u00e3o atual realizando algo t\u00e3o question\u00e1vel. E do elenco principal apenas <strong>Adriana Paz<\/strong> \u00e9 de fato mexicana, que est\u00e1 fazendo uma excelente atua\u00e7\u00e3o, ali\u00e1s.<\/p>\n<h4>Mas ignorando essas quest\u00f5es pol\u00eamicas,<strong> o filme \u00e9 bom?<\/strong><\/h4>\n<p>Ai voc\u00ea me complica! hahhaha \u00c9 e <em>n\u00e3o \u00e9.<\/em> Come\u00e7arei com os elogios.<\/p>\n<p>As cenas musicais s\u00e3o muito bem dirigidas e bem coreografadas por Damien Jalet. A come\u00e7ar pela cena inicial que \u00e9 perfeita e a Zoe Salda\u00f1a t\u00e1 incr\u00edvel do in\u00edcio ao fim, me lembrou umas poucas cenas coreografas que a s\u00e9rie Euphoria teve na \u00faltima temporada.<\/p>\n<p>As m\u00fasicas s\u00e3o muito boas! N\u00e3o d\u00e1 pra negar! S\u00e3o boas sim! E a forma que elas se misturam com a narrativa \u00e9 MUITO BEM FEITA. Uma cena espec\u00edfica come\u00e7a com uma conversa dentro de um carro e o som do motor se transforma em ritmo dando in\u00edcio a uma m\u00fasica comovente. Isso \u00e9 uma das muitas cenas bem conduzidas. Depois de ver tanto musical mal dirigido \u00e9 um al\u00edvio assistir as cenas musicais de Emilia P\u00e8rez (2024).<\/p>\n<p><img loading=\"lazy\" decoding=\"async\" class=\"aligncenter size-full wp-image-24946\" src=\"http:\/\/terranerdica.com.br\/wp-content\/uploads\/2025\/02\/0CA9AAA8-EE27-4715-AEA5-B8CEC8F7B59D.jpeg\" alt=\"\" width=\"800\" height=\"395\" srcset=\"https:\/\/terranerdica.com.br\/wp-content\/uploads\/2025\/02\/0CA9AAA8-EE27-4715-AEA5-B8CEC8F7B59D.jpeg 800w, https:\/\/terranerdica.com.br\/wp-content\/uploads\/2025\/02\/0CA9AAA8-EE27-4715-AEA5-B8CEC8F7B59D-300x148.jpeg 300w, https:\/\/terranerdica.com.br\/wp-content\/uploads\/2025\/02\/0CA9AAA8-EE27-4715-AEA5-B8CEC8F7B59D-768x379.jpeg 768w, https:\/\/terranerdica.com.br\/wp-content\/uploads\/2025\/02\/0CA9AAA8-EE27-4715-AEA5-B8CEC8F7B59D-750x370.jpeg 750w\" sizes=\"(max-width: 800px) 100vw, 800px\" \/><\/p>\n<p>O que tem de ruim, ent\u00e3o?<\/p>\n<p>Ah, mas por onde eu come\u00e7o&#8230;.. A hist\u00f3ria \u00e9 bem fraca, o roteiro deixa muito \u00e0 desejar. Tem quest\u00f5es complicad\u00edssimas, especialmente ao final que achei <em>p\u00e9ssimo (<\/em>moralmente, inclusive).<\/p>\n<p><strong>ALERTA DE SPOILER<\/strong><\/p>\n<p>Uma das cenas finais envolve um acidente de carro que ocasiona a morte da Emilia e da Jessi (Selena Gomez). N\u00e3o j\u00e1 est\u00e1 todo mundo cansado de finais tr\u00e1gicos para personagens LGBTQIA+? Ningu\u00e9m aguenta mais! Eu senti um \u00f3dio! O que acontece antes me irrita mais ainda&#8230; enfim, zero considera\u00e7\u00e3o com a personagem, com a comunidade, com o estere\u00f3tipo de criminoso que sempre vai ser criminoso, com os latinos. Ok, posso ter exagerado, mas <em><strong>odiei<\/strong><\/em>!<\/p>\n<p><strong>FIM DE SPOILER<\/strong><\/p>\n<p><img loading=\"lazy\" decoding=\"async\" class=\"aligncenter size-large wp-image-24947\" src=\"http:\/\/terranerdica.com.br\/wp-content\/uploads\/2025\/02\/063897F1-6CC0-4BBB-A5E9-5552224AFCF4-1024x576.jpeg\" alt=\"\" width=\"1024\" height=\"576\" srcset=\"https:\/\/terranerdica.com.br\/wp-content\/uploads\/2025\/02\/063897F1-6CC0-4BBB-A5E9-5552224AFCF4-1024x576.jpeg 1024w, https:\/\/terranerdica.com.br\/wp-content\/uploads\/2025\/02\/063897F1-6CC0-4BBB-A5E9-5552224AFCF4-300x169.jpeg 300w, https:\/\/terranerdica.com.br\/wp-content\/uploads\/2025\/02\/063897F1-6CC0-4BBB-A5E9-5552224AFCF4-768x432.jpeg 768w, https:\/\/terranerdica.com.br\/wp-content\/uploads\/2025\/02\/063897F1-6CC0-4BBB-A5E9-5552224AFCF4-1536x864.jpeg 1536w, https:\/\/terranerdica.com.br\/wp-content\/uploads\/2025\/02\/063897F1-6CC0-4BBB-A5E9-5552224AFCF4-750x422.jpeg 750w, https:\/\/terranerdica.com.br\/wp-content\/uploads\/2025\/02\/063897F1-6CC0-4BBB-A5E9-5552224AFCF4-1140x641.jpeg 1140w, https:\/\/terranerdica.com.br\/wp-content\/uploads\/2025\/02\/063897F1-6CC0-4BBB-A5E9-5552224AFCF4.jpeg 1920w\" sizes=\"(max-width: 1024px) 100vw, 1024px\" \/><\/p>\n<p>Outra cr\u00edtica que tenho \u00e9 o profundo vazio que Karla Sof\u00eda Gasc\u00f3n e Selena Gomez me passam. As duas n\u00e3o passam qualquer emo\u00e7\u00e3o que deveriam passar, o sotaque de Selena \u00e9 tenebroso e o que ela faz bem melhor que atuar <em>que \u00e9 cantar<\/em> n\u00e3o \u00e9 usado! N\u00e3o ouvimos o timbre suave que conhecemos, apenas uma m\u00fasica horr\u00edvel com coreografia mal feita.<\/p>\n<p>Eu sa\u00ed do cinema CONFUSA. Um potencial t\u00e3o desperdi\u00e7ado, bastava ter melhores roteiristas e atores mexicanos. S\u00e9rio, n\u00e3o \u00e9 muito.<\/p>\n<p>Ah, sobre ver no cinema ou em casa&#8230; \u00e9 melhor ver no cinema, porque o filme \u00e9 t\u00e3o escuro com uma qualidade de imagem t\u00e3o abaixo de hollywood que s\u00f3 em telas grandes para conseguir aproveitar um pouco.<\/p>\n<p>Fui cruel, eu sei. Falei, t\u00e1 falado.<\/p>\n<p>E no fim, eu acho que poderia ter sido uma boa s\u00e9rie da Netflix&#8230; Dividida em cap\u00edtulos tornaria o filme menos longo e mais suport\u00e1vel.<\/p>\n<p>&nbsp;<\/p>\n<p>Confira o trailer abaixo:<\/p>\n<p><iframe loading=\"lazy\" title=\"Emilia P\u00e9rez | Trailer Oficial 2 Legendado\" width=\"500\" height=\"281\" src=\"https:\/\/www.youtube.com\/embed\/asNL-lIpNks?feature=oembed\" frameborder=\"0\" allow=\"accelerometer; autoplay; clipboard-write; encrypted-media; gyroscope; picture-in-picture; web-share\" referrerpolicy=\"strict-origin-when-cross-origin\" allowfullscreen><\/iframe><\/p>\n<p>&nbsp;<\/p>\n<p>&nbsp;<\/p>\n<p>&nbsp;<\/p>\n","protected":false},"excerpt":{"rendered":"<p>Estava ansiosa para escrever esse texto aqui! Voc\u00eas devem saber que o filme que foi indicado ao Oscar como Melhor Filme e Melhor Filme Internacional, al\u00e9m de v\u00e1rias outras categorias do pr\u00eamio, est\u00e1 envolvido em alguma pol\u00eamicas. Como boa cin\u00e9fila fiquei curiosa para saber, mas afinal, \u00e9 um bom filme? Aqui direi a minha opini\u00e3o [&hellip;]<\/p>\n","protected":false},"author":24,"featured_media":24948,"comment_status":"open","ping_status":"open","sticky":false,"template":"","format":"standard","meta":{"_mi_skip_tracking":false,"_exactmetrics_sitenote_active":false,"_exactmetrics_sitenote_note":"","_exactmetrics_sitenote_category":0,"footnotes":""},"categories":[29],"tags":[3543,3539,3544,3542,2153],"class_list":["post-24943","post","type-post","status-publish","format-standard","has-post-thumbnail","hentry","category-filmes","tag-adriana-paz","tag-emilia-perez","tag-karla-sofia-gascon","tag-selena-gomez","tag-zoe-saldana"],"_links":{"self":[{"href":"https:\/\/terranerdica.com.br\/index.php\/wp-json\/wp\/v2\/posts\/24943"}],"collection":[{"href":"https:\/\/terranerdica.com.br\/index.php\/wp-json\/wp\/v2\/posts"}],"about":[{"href":"https:\/\/terranerdica.com.br\/index.php\/wp-json\/wp\/v2\/types\/post"}],"author":[{"embeddable":true,"href":"https:\/\/terranerdica.com.br\/index.php\/wp-json\/wp\/v2\/users\/24"}],"replies":[{"embeddable":true,"href":"https:\/\/terranerdica.com.br\/index.php\/wp-json\/wp\/v2\/comments?post=24943"}],"version-history":[{"count":3,"href":"https:\/\/terranerdica.com.br\/index.php\/wp-json\/wp\/v2\/posts\/24943\/revisions"}],"predecessor-version":[{"id":24954,"href":"https:\/\/terranerdica.com.br\/index.php\/wp-json\/wp\/v2\/posts\/24943\/revisions\/24954"}],"wp:featuredmedia":[{"embeddable":true,"href":"https:\/\/terranerdica.com.br\/index.php\/wp-json\/wp\/v2\/media\/24948"}],"wp:attachment":[{"href":"https:\/\/terranerdica.com.br\/index.php\/wp-json\/wp\/v2\/media?parent=24943"}],"wp:term":[{"taxonomy":"category","embeddable":true,"href":"https:\/\/terranerdica.com.br\/index.php\/wp-json\/wp\/v2\/categories?post=24943"},{"taxonomy":"post_tag","embeddable":true,"href":"https:\/\/terranerdica.com.br\/index.php\/wp-json\/wp\/v2\/tags?post=24943"}],"curies":[{"name":"wp","href":"https:\/\/api.w.org\/{rel}","templated":true}]}}