{"id":2489,"date":"2017-09-13T16:02:18","date_gmt":"2017-09-13T19:02:18","guid":{"rendered":"http:\/\/localhost\/terranerdica\/?p=2489"},"modified":"2021-12-14T15:31:13","modified_gmt":"2021-12-14T18:31:13","slug":"rock-in-rio-tudo-o-que-voce-precisa-saber-para-aproveitar-o-evento","status":"publish","type":"post","link":"https:\/\/terranerdica.com.br\/index.php\/2017\/09\/13\/rock-in-rio-tudo-o-que-voce-precisa-saber-para-aproveitar-o-evento\/","title":{"rendered":"Rock in Rio | Tudo o que voc\u00ea precisa saber para chegar no evento"},"content":{"rendered":"<p>Ontem rolou o famoso\u00a0<strong>Preview<\/strong> do <strong>Rock in Rio <\/strong>&#8211; quando os port\u00f5es abrem para imprensa e para os trabalhadores levarem convidados para conhecer os locais &#8211;\u00a0e durante uma coletiva de imprensa realizada no novo palco da <strong>Game XP<\/strong>, a <strong>Oi Arena<\/strong>, onde a <strong>Terra N\u00e9rdica<\/strong> presenciou, <strong>Roberta Medina<\/strong> anunciou com orgulho algumas das melhores informa\u00e7\u00f5es para quem quer saber como chegar e o que pode levar.<\/p>\n<p><!--more--><\/p>\n<p><a href=\"http:\/\/localhost\/terranerdica\/wp-content\/uploads\/2017\/09\/4530_onibus-primeira-classe.jpeg\"><img loading=\"lazy\" decoding=\"async\" class=\"alignright size-medium wp-image-2491\" src=\"http:\/\/localhost\/terranerdica\/wp-content\/uploads\/2017\/09\/4530_onibus-primeira-classe-300x225.jpeg\" alt=\"\" width=\"300\" height=\"225\" \/><\/a>Para come\u00e7ar, se voc\u00ea quer chegar na nova\u00a0<strong>Cidade do Rock<\/strong>, \u00e9 totalmente aconselh\u00e1vel que n\u00e3o v\u00e1 de carro, pois al\u00e9m do tr\u00e2nsito, a Cidade do Rock n\u00e3o ter\u00e1 estacionamentos para visitantes. Os hot\u00e9is do lado at\u00e9 tem estacionamentos, mas cobrar\u00e3o bastante por isto, \u00e9 claro. E n\u00e3o tem onde estacionar na rua, pois em volta tem s\u00f3 uma rodovia e um lago, certo? Mas a facilidade chega com tudo neste ano de evento, O sistema\u00a0<strong><span class=\"il\">BRT<\/span><\/strong>\u00a0e o <strong>Metr\u00f4 Rio<\/strong> ser\u00e3o os principais meios de acesso \u00e0 regi\u00e3o e devem ser priorizados. Em raz\u00e3o do grande fluxo de p\u00fablico, duas esta\u00e7\u00f5es do\u00a0<span class=\"il\">BRT<\/span>\u00a0ser\u00e3o fechadas. A Esta\u00e7\u00e3o<strong> Parque Ol\u00edmpico<\/strong> n\u00e3o vai operar, nos dias de evento, das 11h \u00e0s 5h do dia seguinte. Os passageiros dever\u00e3o se dirigir ao <strong>Terminal Ol\u00edmpico<\/strong>, que funcionar\u00e1 24 horas. A Esta\u00e7\u00e3o\u00a0<strong><span class=\"il\">Rio<\/span>\u00a02<\/strong> ficar\u00e1 fechada entre os dias 16\/9 e 18\/9, e entre 22\/9 e 25\/9, de 0h \u00e0s 5h. O p\u00fablico do evento dever\u00e1 se dirigir somente ao<strong> Terminal Ol\u00edmpico<\/strong>, e os usu\u00e1rios regulares do sistema dever\u00e3o se dirigir \u00e0 esta\u00e7\u00e3o <strong>Pedro Correia<\/strong>.<\/p>\n<p>Para quem vem de<strong> Madureira<\/strong>, que \u00e9 a maior realidade, basta pegar o <strong>Expresso Recreio Via Curicica<\/strong> na esta\u00e7\u00e3o <strong>Paulo da Portela<\/strong> &#8211; a esta\u00e7\u00e3o Madureira no n\u00edvel da rua &#8211; e descer em Morro do Outeiro, fazer a transfer\u00eancia para o Terminal Ol\u00edmpico. Voc\u00ea s\u00f3 vai andar um bocado, mas a experi\u00eancia somada a expectativa de estar chegando na Cidade do Rock vale mais.\u00a0Para esta edi\u00e7\u00e3o do\u00a0<span class=\"il\">Rock<\/span>\u00a0in\u00a0<span class=\"il\">Rio<\/span>, o Metr\u00f4 far\u00e1 uma opera\u00e7\u00e3o 24 horas para a sa\u00edda do p\u00fablico, somente para embarque na esta\u00e7\u00e3o Jardim Oce\u00e2nico, com desembarque em todas as outras esta\u00e7\u00f5es.\u00a0Para utilizar a integra\u00e7\u00e3o entre o Metr\u00f4\u00a0<span class=\"il\">Rio<\/span>\u00a0e o\u00a0<span class=\"il\">BRT<\/span>\u00a0\u00e9 imprescind\u00edvel comprar antecipadamente o cart\u00e3o <strong>RioCard<\/strong>. Sem ele n\u00e3o ser\u00e1 poss\u00edvel embarcar na esta\u00e7\u00e3o de integra\u00e7\u00e3o entre o metr\u00f4 e o\u00a0<span class=\"il\">BRT<\/span>\u00a0<span class=\"il\">Rio<\/span>, no <strong>Jardim Oce\u00e2nico<\/strong>. Todos os cart\u00f5es RioCard poder\u00e3o ser utilizados pelo p\u00fablico e podem ser adquiridos nas lojas RioCard e bilheterias do\u00a0<span class=\"il\">BRT\u00a0<\/span>(informa\u00e7\u00f5es sobre onde adquirir o cart\u00e3o no site\u00a0<a href=\"http:\/\/www.cartaoriocard.com.br\/\" target=\"_blank\" rel=\"noopener noreferrer\" data-saferedirecturl=\"https:\/\/www.google.com\/url?hl=pt-BR&amp;q=http:\/\/www.cartaoriocard.com.br&amp;source=gmail&amp;ust=1505416340234000&amp;usg=AFQjCNG7oMYeX3ILzLfExJlLL70gNsRSjQ\">www.cartaoriocard.com.br<\/a>).<\/p>\n<p>As principais esta\u00e7\u00f5es do\u00a0<span class=\"il\">BRT<\/span>\u00a0<span class=\"il\">Rio<\/span>\u00a0no\u00a0<span class=\"il\">Rock<\/span>\u00a0in\u00a0<span class=\"il\">Rio<\/span>\u00a02017<\/p>\n<ul>\n<li>Terminal Centro Ol\u00edmpico: principal ponto de chegada para o\u00a0<span class=\"il\">Rock<\/span>\u00a0in\u00a0<span class=\"il\">Rio<\/span>. L\u00e1, v\u00e3o desembarcar os passageiros que optarem pelos servi\u00e7os especiais do\u00a0<span class=\"il\">BRT<\/span>\u00a0<span class=\"il\">Rio<\/span>\u00a0e os que vierem da linha regular que vai at\u00e9 o terminal. Tamb\u00e9m \u00e9 o local de retorno mais vi\u00e1vel para os roqueiros.<\/li>\n<li>Esta\u00e7\u00e3o Morro do Outeiro: pertence ao corredor <strong>Transol\u00edmpica<\/strong> e tem servi\u00e7os que integram com a<strong> Super Via<\/strong> nas esta\u00e7\u00f5es <strong>Vila Militar<\/strong> e <strong>Magalh\u00e3es Bastos<\/strong>. H\u00e1 uma passagem subterr\u00e2nea que liga ao Terminal Centro Ol\u00edmpico.<\/li>\n<li>Terminal Jardim Oce\u00e2nico: atende todo o p\u00fablico que vem da Zona Sul e do Centro, pelo Metr\u00f4<span class=\"il\">Rio<\/span>.<\/li>\n<li>Terminal Alvorada: principal terminal do\u00a0<span class=\"il\">BRT<\/span>\u00a0<span class=\"il\">Rio<\/span>, atende o p\u00fablico que vem do Centro e das zonas Sul, Norte e Oeste da cidade. \u00c9 o local onde est\u00e3o tamb\u00e9m os \u00f4nibus urbanos que alimentam o sistema\u00a0<span class=\"il\">BRT<\/span>\u00a0e os que fazem trajeto para a Baixada Fluminense<\/li>\n<\/ul>\n<p>Outra forma de chegar na Cidade do Rock \u00e9 o que eles est\u00e3o chamando de transporte <strong>Primeira Classe<\/strong>. S\u00e3o \u00f4nibus que sair\u00e3o de pontos espec\u00edficos do Rio de Janeiro e deixar\u00e3o exclusivamente na Cidade do Rock.\u00a0Como nas outras edi\u00e7\u00f5es, para garantir o conforto dos espectadores, ser\u00e3o utilizados ve\u00edculos executivos com ar condicionado, que sair\u00e3o de 15 pontos do Rio de Janeiro, al\u00e9m de mais 2 pontos localizados em Niter\u00f3i e Petr\u00f3polis. O transporte ter\u00e1 hor\u00e1rio de partida marcado e far\u00e1 o trajeto sem paradas at\u00e9 o evento. A volta poder\u00e1 ser realizada a partir das 22h, mediante lota\u00e7\u00e3o dos \u00f4nibus, at\u00e9 duas horas ap\u00f3s o t\u00e9rmino do \u00faltimo show do <strong>Palco Mundo<\/strong>. Os bilhetes para o transporte\u00a0<span class=\"il\">Primeira<\/span>\u00a0<span class=\"il\">Classe<\/span>\u00a0ser\u00e3o vendidos antecipadamente em\u00a0<a href=\"https:\/\/eventos.riocard.com\/rockinrio\" target=\"_blank\" rel=\"noopener noreferrer\" data-saferedirecturl=\"https:\/\/www.google.com\/url?hl=pt-BR&amp;q=https:\/\/eventos.riocard.com\/rockinrio&amp;source=gmail&amp;ust=1505409990303000&amp;usg=AFQjCNFnhByNHt7PfYPO6n3bb7BMU4eMzQ\">https:\/\/eventos.riocard.com\/<wbr \/>rockinrio<\/a>.<\/p>\n<p>\u00c9 importante lembrar que os brinquedos &#8211; roda gigante, montanha russa, Mega Drop e a tirolesa ter\u00e3o esse ano, finalmente, um sistema de agendamento &#8211; utilizando a pr\u00f3pria pulseira do ingresso. Gra\u00e7as \u00e0 tecnologia <strong>RFID,<\/strong> basta encostar a pulseira nas esta\u00e7\u00f5es de agendamento ao lado de cada brinquedo e realizar sua reserva junto a equipe de agendamento, de acordo com a disponibilidade de hor\u00e1<span class=\"il\">rio<\/span>. Roberta Medina disse que a inten\u00e7\u00e3o \u00e9 n\u00e3o deixar mais com que os visitantes percam praticamente o dia inteiro em filas e possam experimentar todas as atra\u00e7\u00f5es sem estresses.<\/p>\n<p>Sobre levar comida &#8211; n\u00e3o poder\u00e1 entrar com nenhuma garrafa, mas uma pessoa poder\u00e1 levar qualquer alimento uqe n\u00e3o represente intuito de comercializa\u00e7\u00e3o &#8211; frutas e sandu\u00edches em pl\u00e1sticos transparentes &#8211; desde que estejam sob o limite de cinco itens por pessoa.\u00a0O Rock in Rio come\u00e7a nesta sexta-feira dia 15 de setembro e terminar\u00e1 no domingo dia 24.<\/p>\n","protected":false},"excerpt":{"rendered":"<p>Ontem rolou o famoso\u00a0Preview do Rock in Rio &#8211; quando os port\u00f5es abrem para imprensa e para os trabalhadores levarem convidados para conhecer os locais &#8211;\u00a0e durante uma coletiva de imprensa realizada no novo palco da Game XP, a Oi Arena, onde a Terra N\u00e9rdica presenciou, Roberta Medina anunciou com orgulho algumas das melhores informa\u00e7\u00f5es [&hellip;]<\/p>\n","protected":false},"author":3,"featured_media":0,"comment_status":"closed","ping_status":"closed","sticky":false,"template":"","format":"standard","meta":{"_mi_skip_tracking":false,"_exactmetrics_sitenote_active":false,"_exactmetrics_sitenote_note":"","_exactmetrics_sitenote_category":0,"footnotes":""},"categories":[27],"tags":[1375,117],"class_list":["post-2489","post","type-post","status-publish","format-standard","hentry","category-eventos","tag-evento","tag-rockinrio"],"_links":{"self":[{"href":"https:\/\/terranerdica.com.br\/index.php\/wp-json\/wp\/v2\/posts\/2489"}],"collection":[{"href":"https:\/\/terranerdica.com.br\/index.php\/wp-json\/wp\/v2\/posts"}],"about":[{"href":"https:\/\/terranerdica.com.br\/index.php\/wp-json\/wp\/v2\/types\/post"}],"author":[{"embeddable":true,"href":"https:\/\/terranerdica.com.br\/index.php\/wp-json\/wp\/v2\/users\/3"}],"replies":[{"embeddable":true,"href":"https:\/\/terranerdica.com.br\/index.php\/wp-json\/wp\/v2\/comments?post=2489"}],"version-history":[{"count":1,"href":"https:\/\/terranerdica.com.br\/index.php\/wp-json\/wp\/v2\/posts\/2489\/revisions"}],"predecessor-version":[{"id":14944,"href":"https:\/\/terranerdica.com.br\/index.php\/wp-json\/wp\/v2\/posts\/2489\/revisions\/14944"}],"wp:attachment":[{"href":"https:\/\/terranerdica.com.br\/index.php\/wp-json\/wp\/v2\/media?parent=2489"}],"wp:term":[{"taxonomy":"category","embeddable":true,"href":"https:\/\/terranerdica.com.br\/index.php\/wp-json\/wp\/v2\/categories?post=2489"},{"taxonomy":"post_tag","embeddable":true,"href":"https:\/\/terranerdica.com.br\/index.php\/wp-json\/wp\/v2\/tags?post=2489"}],"curies":[{"name":"wp","href":"https:\/\/api.w.org\/{rel}","templated":true}]}}