{"id":24835,"date":"2024-11-27T03:13:40","date_gmt":"2024-11-27T06:13:40","guid":{"rendered":"https:\/\/terranerdica.com.br\/?p=24835"},"modified":"2024-11-27T18:10:10","modified_gmt":"2024-11-27T21:10:10","slug":"funko-pop-de-ayrton-senna-vem-ai","status":"publish","type":"post","link":"https:\/\/terranerdica.com.br\/index.php\/2024\/11\/27\/funko-pop-de-ayrton-senna-vem-ai\/","title":{"rendered":"Funko Pop de Ayrton Senna vem ai!"},"content":{"rendered":"<p>Em 2024, o mundo celebra os 30 anos do legado de Ayrton Senna, tricampe\u00e3o mundial de F\u00f3rmula 1 (1988, 1990 e 1991), reconhecido por seu talento, coragem e determina\u00e7\u00e3o, que o transformaram em uma inspira\u00e7\u00e3o global, especialmente no Brasil. Senna fez hist\u00f3ria ao conquistar seu primeiro t\u00edtulo pela McLaren, sendo uma refer\u00eancia de habilidade, velocidade e dedica\u00e7\u00e3o. Sua carreira na F\u00f3rmula 1 tamb\u00e9m foi marcada pela rivalidade com Alain Prost e pelo impacto que teve dentro e fora das pistas, com sua busca incans\u00e1vel pela perfei\u00e7\u00e3o e seu amor pelo Brasil. Al\u00e9m das vit\u00f3rias, Senna era admirado por sua \u00e9tica de trabalho, generosidade e sua maneira \u00fanica de se conectar com as pessoas, tornando-se um verdadeiro her\u00f3i nacional.<\/p>\n<p><img loading=\"lazy\" decoding=\"async\" width=\"1024\" height=\"768\" class=\"aligncenter size-full wp-image-24836\" src=\"http:\/\/terranerdica.com.br\/wp-content\/uploads\/2024\/11\/Ayrton-Senna-PA.jpg\" alt=\"\" srcset=\"https:\/\/terranerdica.com.br\/wp-content\/uploads\/2024\/11\/Ayrton-Senna-PA.jpg 1024w, https:\/\/terranerdica.com.br\/wp-content\/uploads\/2024\/11\/Ayrton-Senna-PA-300x225.jpg 300w, https:\/\/terranerdica.com.br\/wp-content\/uploads\/2024\/11\/Ayrton-Senna-PA-768x576.jpg 768w, https:\/\/terranerdica.com.br\/wp-content\/uploads\/2024\/11\/Ayrton-Senna-PA-750x563.jpg 750w\" sizes=\"(max-width: 1024px) 100vw, 1024px\" \/><\/p>\n<p><span style=\"font-weight: 400;\">Ao longo do ano, o legado do piloto brasileiro \u00e9 celebrado com diversas homenagens ao redor do mundo, com a\u00e7\u00f5es dentro e fora das pistas de corrida, inclusive com uma s\u00e9rie sobre sua vida e carreira. Em sintonia com esse momento especial para os f\u00e3s, a Candide e a Funko anunciam um lan\u00e7amento que promete encantar todos os admiradores da trajet\u00f3ria de Senna: tr\u00eas vers\u00f5es exclusivas de Funko Pops.<\/span><\/p>\n<p>Os bonecos capturaram momentos ic\u00f4nicos da carreira de Ayrton Senna. Dois deles representam suas passagens marcantes pela Lotus e McLaren, com seus macac\u00f5es emblem\u00e1ticos e o capacete ic\u00f4nico. O terceiro modelo, conhecido como Funko Rides, apresenta uma r\u00e9plica rica em detalhes do carro amarelo que Senna pilotou enquanto corria pela Lotus na temporada de 1987.<\/p>\n<p><img loading=\"lazy\" decoding=\"async\" width=\"750\" height=\"536\" class=\"aligncenter wp-image-24837 size-jnews-750x536\" src=\"http:\/\/terranerdica.com.br\/wp-content\/uploads\/2024\/11\/sena-2-750x536.png\" alt=\"\" srcset=\"https:\/\/terranerdica.com.br\/wp-content\/uploads\/2024\/11\/sena-2-750x536.png 750w, https:\/\/terranerdica.com.br\/wp-content\/uploads\/2024\/11\/sena-2-120x86.png 120w, https:\/\/terranerdica.com.br\/wp-content\/uploads\/2024\/11\/sena-2-350x250.png 350w\" sizes=\"(max-width: 750px) 100vw, 750px\" \/><\/p>\n<p>&nbsp;<\/p>\n<p>Bianca Senna, sobrinha do piloto e CEO da Senna Brands, empresa que gerencia a imagem e as marcas do piloto, destaca como seu legado inspira gera\u00e7\u00f5es a perseguirem seus sonhos e a buscarem sempre seu melhor. &#8220;A figura do Ayrton Senna transcende o automobilismo, inspirando gera\u00e7\u00f5es a buscarem sempre sua melhor vers\u00e3o e nunca desistirem dos seus sonhos. Com este Funko Pop Ayrton Senna, damos aos f\u00e3s a oportunidade de levar um peda\u00e7o desses valores para suas casas, celebrando o legado de um dos maiores \u00edcones do esporte\u00a0mundial\u201d, declara.<\/p>\n<p><img loading=\"lazy\" decoding=\"async\" width=\"750\" height=\"536\" class=\"aligncenter wp-image-24838 size-jnews-750x536\" src=\"http:\/\/terranerdica.com.br\/wp-content\/uploads\/2024\/11\/sena-1-750x536.png\" alt=\"\" srcset=\"https:\/\/terranerdica.com.br\/wp-content\/uploads\/2024\/11\/sena-1-750x536.png 750w, https:\/\/terranerdica.com.br\/wp-content\/uploads\/2024\/11\/sena-1-120x86.png 120w, https:\/\/terranerdica.com.br\/wp-content\/uploads\/2024\/11\/sena-1-350x250.png 350w\" sizes=\"(max-width: 750px) 100vw, 750px\" \/><\/p>\n<p>Quem visitar a CCXP24, de 05 a 08 de dezembro, ter\u00e1 a chance de garantir os bonecos Funko Pop! que estar\u00e3o dispon\u00edveis em quantidade limitada no estande da marca, al\u00e9m de conferir de perto a exposi\u00e7\u00e3o do emblem\u00e1tico capacete e macac\u00e3o da Lotus, usados por Senna na temporada de 1987. Na segunda semana de dezembro, ser\u00e1 o lan\u00e7amento oficial dos produtos nas principais lojas do mercado.<\/p>\n<p>&nbsp;<\/p>\n<p><strong>Boneco Funko Pop! Racing McLaren &#8211; Ayrton Senna (C\u00f3d.: 11905)<\/strong> \u2013 R$ 199,99: Esta vers\u00e3o do piloto retrata Senna segurando seu ic\u00f4nico capacete e usa o famoso macac\u00e3o vermelho da McLaren, equipe pela qual conquistou tr\u00eas t\u00edtulos mundiais nos anos de 1988, 1990 e 1991.<\/p>\n<p><strong>Boneco Funko Pop! Racing Lotus &#8211; Ayrton Senna (C\u00f3d.: 11971)<\/strong> \u2013 R$ 249,99: Com o capacete cl\u00e1ssico e o macac\u00e3o amarelo, essa figura homenageia um dos momentos mais marcantes da carreira de Senna, quando conquistou sua primeira vit\u00f3ria no prestigiado circuito de M\u00f4naco, em 1987.<\/p>\n<p><strong>Boneco Funko Pop! Rides Deluxe Lotus &#8211; Ayrton Senna (C\u00f3d.: 11904)<\/strong> \u2013 R$ 499,99: Neste modelo especial, Senna est\u00e1 no lend\u00e1rio carro de F\u00f3rmula 1, o Lotus 99T, que na \u00e9poca foi equipado com a inovadora suspens\u00e3o ativa. Foi com este carro que Senna conquistou algumas vit\u00f3rias, entre elas sua \u00faltima pela Lotus, no circuito de Detroit em 1987.<\/p>\n<p>Onde comprar:<br \/>\nCandide: <a href=\"https:\/\/www.candide.com.br\/\">https:\/\/www.candide.com.br\/<\/a><\/p>\n","protected":false},"excerpt":{"rendered":"<p>Em 2024, o mundo celebra os 30 anos do legado de Ayrton Senna, tricampe\u00e3o mundial de F\u00f3rmula 1 (1988, 1990 e 1991), reconhecido por seu talento, coragem e determina\u00e7\u00e3o, que o transformaram em uma inspira\u00e7\u00e3o global, especialmente no Brasil. Senna fez hist\u00f3ria ao conquistar seu primeiro t\u00edtulo pela McLaren, sendo uma refer\u00eancia de habilidade, velocidade [&hellip;]<\/p>\n","protected":false},"author":2329,"featured_media":24839,"comment_status":"open","ping_status":"open","sticky":false,"template":"","format":"standard","meta":{"_mi_skip_tracking":false,"_exactmetrics_sitenote_active":false,"_exactmetrics_sitenote_note":"","_exactmetrics_sitenote_category":0,"footnotes":""},"categories":[1136],"tags":[],"class_list":["post-24835","post","type-post","status-publish","format-standard","has-post-thumbnail","hentry","category-ccxp-worlds"],"_links":{"self":[{"href":"https:\/\/terranerdica.com.br\/index.php\/wp-json\/wp\/v2\/posts\/24835"}],"collection":[{"href":"https:\/\/terranerdica.com.br\/index.php\/wp-json\/wp\/v2\/posts"}],"about":[{"href":"https:\/\/terranerdica.com.br\/index.php\/wp-json\/wp\/v2\/types\/post"}],"author":[{"embeddable":true,"href":"https:\/\/terranerdica.com.br\/index.php\/wp-json\/wp\/v2\/users\/2329"}],"replies":[{"embeddable":true,"href":"https:\/\/terranerdica.com.br\/index.php\/wp-json\/wp\/v2\/comments?post=24835"}],"version-history":[{"count":5,"href":"https:\/\/terranerdica.com.br\/index.php\/wp-json\/wp\/v2\/posts\/24835\/revisions"}],"predecessor-version":[{"id":24853,"href":"https:\/\/terranerdica.com.br\/index.php\/wp-json\/wp\/v2\/posts\/24835\/revisions\/24853"}],"wp:featuredmedia":[{"embeddable":true,"href":"https:\/\/terranerdica.com.br\/index.php\/wp-json\/wp\/v2\/media\/24839"}],"wp:attachment":[{"href":"https:\/\/terranerdica.com.br\/index.php\/wp-json\/wp\/v2\/media?parent=24835"}],"wp:term":[{"taxonomy":"category","embeddable":true,"href":"https:\/\/terranerdica.com.br\/index.php\/wp-json\/wp\/v2\/categories?post=24835"},{"taxonomy":"post_tag","embeddable":true,"href":"https:\/\/terranerdica.com.br\/index.php\/wp-json\/wp\/v2\/tags?post=24835"}],"curies":[{"name":"wp","href":"https:\/\/api.w.org\/{rel}","templated":true}]}}