{"id":24745,"date":"2024-11-13T13:35:29","date_gmt":"2024-11-13T16:35:29","guid":{"rendered":"https:\/\/terranerdica.com.br\/?p=24745"},"modified":"2024-11-13T13:35:29","modified_gmt":"2024-11-13T16:35:29","slug":"the-town-katy-perry-um-dos-maiores-destaques-do-rock-in-rio-sera-headliner-do-skyline","status":"publish","type":"post","link":"https:\/\/terranerdica.com.br\/index.php\/2024\/11\/13\/the-town-katy-perry-um-dos-maiores-destaques-do-rock-in-rio-sera-headliner-do-skyline\/","title":{"rendered":"THE TOWN | Katy Perry, um dos maiores destaques do Rock in Rio, ser\u00e1 headliner do Skyline"},"content":{"rendered":"<p><em>A aclamada e ic\u00f4nica artista, que possui uma legi\u00e3o de f\u00e3s no Brasil e no mundo, se apresenta no dia 14 de setembro. Nesta segunda edi\u00e7\u00e3o, festival proporcionar\u00e1 uma experi\u00eancia ainda melhor para o p\u00fablico com o reposicionamento do palco The One e outros espa\u00e7os.<\/em><\/p>\n<p><img loading=\"lazy\" decoding=\"async\" class=\" wp-image-24747 aligncenter\" src=\"http:\/\/terranerdica.com.br\/wp-content\/uploads\/2024\/11\/MUNDO_KATYPERRY_VANSBUMBEERS-3-scaled.jpg\" alt=\"\" width=\"648\" height=\"432\" srcset=\"https:\/\/terranerdica.com.br\/wp-content\/uploads\/2024\/11\/MUNDO_KATYPERRY_VANSBUMBEERS-3-scaled.jpg 2560w, https:\/\/terranerdica.com.br\/wp-content\/uploads\/2024\/11\/MUNDO_KATYPERRY_VANSBUMBEERS-3-300x200.jpg 300w, https:\/\/terranerdica.com.br\/wp-content\/uploads\/2024\/11\/MUNDO_KATYPERRY_VANSBUMBEERS-3-1024x683.jpg 1024w, https:\/\/terranerdica.com.br\/wp-content\/uploads\/2024\/11\/MUNDO_KATYPERRY_VANSBUMBEERS-3-768x512.jpg 768w, https:\/\/terranerdica.com.br\/wp-content\/uploads\/2024\/11\/MUNDO_KATYPERRY_VANSBUMBEERS-3-1536x1025.jpg 1536w, https:\/\/terranerdica.com.br\/wp-content\/uploads\/2024\/11\/MUNDO_KATYPERRY_VANSBUMBEERS-3-2048x1366.jpg 2048w, https:\/\/terranerdica.com.br\/wp-content\/uploads\/2024\/11\/MUNDO_KATYPERRY_VANSBUMBEERS-3-750x500.jpg 750w, https:\/\/terranerdica.com.br\/wp-content\/uploads\/2024\/11\/MUNDO_KATYPERRY_VANSBUMBEERS-3-1140x760.jpg 1140w\" sizes=\"(max-width: 648px) 100vw, 648px\" \/><\/p>\n<p>Ap\u00f3s dois anos de espera, o The Town volta a S\u00e3o Paulo nos dias 06, 07, 12, 13 e 14 de setembro de 2025, no Aut\u00f3dromo de Interlagos. A pr\u00f3xima e hist\u00f3rica edi\u00e7\u00e3o marcar\u00e1 o segundo cap\u00edtulo de sucesso na trajet\u00f3ria do maior festival de m\u00fasica, cultura e arte que a cidade j\u00e1 recebeu. No line-up, o festival acaba de confirmar sua primeira de muitas outras atra\u00e7\u00f5es que ser\u00e3o anunciadas em breve. Com uma performance arrebatadora no Rock in Rio 40 anos que enlouqueceu toda a plateia, Katy Perry estar\u00e1 na segunda edi\u00e7\u00e3o do The Town e ser\u00e1 headliner do palco Skyline no dia 14 de setembro. A artista se tornou um dos nomes mais pedidos e aguardados pelos f\u00e3s de todo o pa\u00eds que estiveram na Cidade do Rock e seguem pedindo por mais uma oportunidade de viver essa experi\u00eancia, al\u00e9m dos que n\u00e3o puderam comparecer ao festival neste ano \u2013 j\u00e1 que os ingressos para a data em que ela se apresentou esgotaram em apenas uma hora e quarenta e tr\u00eas minutos. Com um show in\u00e9dito que re\u00fane sucessos da carreira e de seu mais novo \u00e1lbum \u201c143\u201d, a cantora enfim volta a S\u00e3o Paulo sete anos depois de sua \u00faltima vinda, carregando toda sua energia e emo\u00e7\u00e3o, em uma apresenta\u00e7\u00e3o que ser\u00e1 inesquec\u00edvel.<\/p>\n<p>O The Town ter\u00e1 cinco dias repletos de momentos memor\u00e1veis com muitas atra\u00e7\u00f5es que far\u00e3o hist\u00f3ria na Cidade da M\u00fasica \u2013 que chega ainda mais potente com uma reestrutura\u00e7\u00e3o que traz a mudan\u00e7a de local do The One e outros palcos e espa\u00e7os, para garantir, mais uma vez, uma experi\u00eancia \u00fanica para o p\u00fablico.<\/p>\n<p>Desde sua estreia com a Capitol Records em 2008 com o \u00e1lbum\u00a0<em>One of the Boys<\/em>, Katy Perry acumulou impressionantes 115 bilh\u00f5es de streams, al\u00e9m de vendas mundiais que somam mais de 70 milh\u00f5es de \u00e1lbuns ajustados e 143 milh\u00f5es de faixas. A artista feminina de maior vendagem na hist\u00f3ria da Capitol, Katy \u00e9 uma das apenas doze artistas na hist\u00f3ria a ultrapassar 100 milh\u00f5es de unidades certificadas com lan\u00e7amentos de singles solo \u2013 e a primeira artista da Capitol Records a alcan\u00e7ar a marca de 10 milh\u00f5es de unidades certificadas pela RIAA para um single em 2015. Ela tamb\u00e9m foi a primeira artista na hist\u00f3ria da RIAA a obter tr\u00eas singles certificados como Diamante \u2013 com &#8220;Firework&#8221;, &#8220;Dark Horse&#8221; e &#8220;Roar&#8221;. Desde ent\u00e3o, ela adicionou mais algumas certifica\u00e7\u00f5es \u00e0 sua cole\u00e7\u00e3o com \u201cCalifornia Gurls\u201d (feat. Snoop Dogg), \u201cE.T.\u201d e tanto o SINGLE quanto o \u00c1LBUM\u00a0<em>\u201cTeenage Dream<\/em>\u201d alcan\u00e7ando o status de DIAMANTE. Katy agora possui seis singles e um \u00e1lbum, totalizando SETE t\u00edtulos certificados como Diamante.<\/p>\n<p>\u201cO show da Katy Perry na edi\u00e7\u00e3o de 40 anos do Rock in Rio foi espetacular! Ele ainda ecoa no cora\u00e7\u00e3o dos milhares de f\u00e3s que lotaram nosso festival para assisti-la. Neste ano em que S\u00e3o Paulo celebra 470 anos, temos a alegria de anunciar a volta dessa grande estrela pop, agora para o nosso The Town. Um presente para o p\u00fablico paulista que vai se emocionar e cantar os hits dessa artista ic\u00f4nica na nossa Cidade da M\u00fasica. A segunda edi\u00e7\u00e3o do The Town traz um line-up poderoso, repleto de grandes astros nacionais e internacionais. Um line-up plural e diverso com v\u00e1rios shows constru\u00eddos exclusivamente para o festival. Ser\u00e1 uma edi\u00e7\u00e3o m\u00e1gica. Inesquec\u00edvel. Do jeito que S\u00e3o Paulo merece.\u201d, compartilha Z\u00e9 Ricardo, vice-presidente art\u00edstico da Rock World, empresa que criou e organiza o The Town e o Rock in Rio e produz o Lollapalooza.<\/p>\n<p>&nbsp;<\/p>\n<p><strong>Uma nova Cidade da M\u00fasica<\/strong><\/p>\n<p><strong> <img loading=\"lazy\" decoding=\"async\" class=\"size-full wp-image-24746 aligncenter\" src=\"http:\/\/terranerdica.com.br\/wp-content\/uploads\/2024\/11\/MapaoTT25-Master-2000px.jpg\" alt=\"\" width=\"2000\" height=\"2000\" srcset=\"https:\/\/terranerdica.com.br\/wp-content\/uploads\/2024\/11\/MapaoTT25-Master-2000px.jpg 2000w, https:\/\/terranerdica.com.br\/wp-content\/uploads\/2024\/11\/MapaoTT25-Master-2000px-300x300.jpg 300w, https:\/\/terranerdica.com.br\/wp-content\/uploads\/2024\/11\/MapaoTT25-Master-2000px-1024x1024.jpg 1024w, https:\/\/terranerdica.com.br\/wp-content\/uploads\/2024\/11\/MapaoTT25-Master-2000px-150x150.jpg 150w, https:\/\/terranerdica.com.br\/wp-content\/uploads\/2024\/11\/MapaoTT25-Master-2000px-768x768.jpg 768w, https:\/\/terranerdica.com.br\/wp-content\/uploads\/2024\/11\/MapaoTT25-Master-2000px-1536x1536.jpg 1536w, https:\/\/terranerdica.com.br\/wp-content\/uploads\/2024\/11\/MapaoTT25-Master-2000px-75x75.jpg 75w, https:\/\/terranerdica.com.br\/wp-content\/uploads\/2024\/11\/MapaoTT25-Master-2000px-750x750.jpg 750w, https:\/\/terranerdica.com.br\/wp-content\/uploads\/2024\/11\/MapaoTT25-Master-2000px-1140x1140.jpg 1140w\" sizes=\"(max-width: 2000px) 100vw, 2000px\" \/><\/strong><\/p>\n<p>Nesta pr\u00f3xima edi\u00e7\u00e3o, a Cidade da M\u00fasica vai proporcionar uma atmosfera emocionante, com diversas experi\u00eancias que o p\u00fablico poder\u00e1 viver nos 360 mil metros quadrados do Aut\u00f3dromo de Interlagos. Em 2025, o mapa do espa\u00e7o ter\u00e1 mudan\u00e7as com rela\u00e7\u00e3o a 2023. Os palcos The One, Factory e S\u00e3o Paulo Square, al\u00e9m de espa\u00e7os como a Market Square ganham novas localiza\u00e7\u00f5es, visando uma visita ainda mais m\u00e1gica \u00e0 Cidade da M\u00fasica. Al\u00e9m das mudan\u00e7as de espa\u00e7os j\u00e1 conhecidos pelo p\u00fablico, o The Town tamb\u00e9m ganhar\u00e1 novos palcos, experi\u00eancias e atra\u00e7\u00f5es ic\u00f4nicos que ser\u00e3o divulgados em breve.<\/p>\n<p>Com todas estas novidades, a organiza\u00e7\u00e3o mostra que, assim como no Rock in Rio, segue buscando formas de aprimorar a experi\u00eancia e o conforto dos f\u00e3s a cada nova edi\u00e7\u00e3o \u2013 a exemplo do reposicionamento do Palco Sunset, na edi\u00e7\u00e3o de 2024 do festival carioca, que recebeu nota 9,4 do p\u00fablico, e a chegada do Global Village, que fez um grande sucesso entre o p\u00fablico. No The Town n\u00e3o poderia ser diferente e a nova planta reflete esse olhar da Rock World em sempre evoluir a cada nova edi\u00e7\u00e3o de seus festivais.<\/p>\n<p>Al\u00e9m da nova configura\u00e7\u00e3o dos palcos e de novas atra\u00e7\u00f5es que ainda ser\u00e3o anunciadas, j\u00e1 est\u00e3o confirmados para a edi\u00e7\u00e3o do ano que vem os brinquedos radicais como a Roda Gigante, Tirolesa, Megadrop e Montanha Russa. Outros grandes destaques tamb\u00e9m s\u00e3o a cenografia potente que estar\u00e1 presente por todos os cantos, as memor\u00e1veis e concorridas ativa\u00e7\u00f5es de marcas e a gastronomia de dar \u00e1gua na boca espalhada por todo o gramado e na \u00e1rea vip.<\/p>\n<p>Programado para receber quatro shows por dia de grandes artistas nacionais e internacionais, o gigante\u00a0<strong>Skyline<\/strong>, que j\u00e1 chama aten\u00e7\u00e3o por si s\u00f3 com sua cenografia inspirada nos arranha-c\u00e9us de S\u00e3o Paulo, mant\u00e9m o mesmo lugar que ficou na \u00faltima edi\u00e7\u00e3o.<\/p>\n<p>J\u00e1 o\u00a0<strong>The One<\/strong>, aonde a m\u00fasica vai al\u00e9m da m\u00fasica, trazendo artistas potentes, mais de 30 tel\u00f5es de LED e uma cenografia inspirada nos museus de arte de S\u00e3o Paulo, ganha uma nova localiza\u00e7\u00e3o. Ele estar\u00e1 no lugar em que em 2023 ficava o Megadrop, em frente onde era o The Town Club Lounge, e passa a contar com um amplo anfiteatro natural, garantindo uma vis\u00e3o privilegiada dos shows. Tamb\u00e9m ser\u00e1 em frente ao The One que o Lounge Club, exclusivo para clientes The Town Club Rockstar, estar\u00e1 localizado.<\/p>\n<p>O retorno triunfal do\u00a0<strong>S\u00e3o Paulo Square<\/strong>\u00a0ter\u00e1 uma novidade. O palco, sucesso na primeira edi\u00e7\u00e3o, tamb\u00e9m ganhou uma nova localiza\u00e7\u00e3o e ficar\u00e1 no local onde estava o The One em 2023. Carregando uma trilha sonora composta, principalmente, de jazz e blues, g\u00eaneros que ser\u00e3o os mais presentes no palco, sua estrutura \u00e9 inspirada em arquiteturas hist\u00f3ricas marcantes da metr\u00f3pole e na regi\u00e3o em que a cidade foi fundada.<\/p>\n<p>Enquanto isso, o\u00a0<strong>Factory<\/strong>\u00a0passa a ocupar o espa\u00e7o que era da S\u00e3o Paulo Square e ganha uma \u00e1rea de anfiteatro natural mais ampla para o p\u00fablico aproveitar cada segundo dos shows. Este ic\u00f4nico palco \u00e9 inspirado nos antigos galp\u00f5es das f\u00e1bricas da zona industrial de S\u00e3o Paulo, se transformando em um verdadeiro espa\u00e7o para grandes talentos da m\u00fasica nacional e internacional.<\/p>\n<p>A sofisticada\u00a0<strong>Market Square<\/strong>, que contou com a assinatura do renomado chef Alex Atala na edi\u00e7\u00e3o de 2023, tamb\u00e9m ter\u00e1 uma nova posi\u00e7\u00e3o e ficar\u00e1 localizada pr\u00f3xima ao espa\u00e7o que antes pertencia ao Factory. Com o melhor que a gastronomia tem a oferecer, diferentes quiosques e op\u00e7\u00f5es de bebidas e comidas que d\u00e3o \u00e1gua na boca, o espa\u00e7o ser\u00e1 coberto e climatizado. Quem vai frequentar a Cidade da M\u00fasica em 2025 poder\u00e1 experimentar as del\u00edcias dispon\u00edveis que ainda ser\u00e3o anunciadas pela organiza\u00e7\u00e3o do festival.<\/p>\n<p>Brinquedos gigantes e radicais tamb\u00e9m estar\u00e3o presentes na Cidade da M\u00fasica, trazendo toda uma atmosfera m\u00e1gica de parque de divers\u00f5es para o local. Durante todos os dias do The Town, os f\u00e3s v\u00e3o se divertir com a\u00a0<strong>Tirolesa<\/strong>, que vai passar na frente do Skyline, proporcionando uma vis\u00e3o privilegiada do palco; com a<strong>\u00a0Roda Gigante<\/strong>, aproveitando a vista panor\u00e2mica da Cidade da M\u00fasica; e com o\u00a0<strong>Megadrop\u00a0<\/strong>e a\u00a0<strong>Montanha Russa<\/strong>, as atra\u00e7\u00f5es mais emocionantes e divertidas do espa\u00e7o.<\/p>\n<p>&nbsp;<\/p>\n<p><strong>Sobre o The Town<\/strong><\/p>\n<p>Com ingressos totalmente esgotados, a primeira edi\u00e7\u00e3o do The Town \u2014 festival dos mesmos criadores do Rock in Rio \u2014 aconteceu em setembro de 2023 e entrou para a hist\u00f3ria e para a agenda oficial dos eventos paulistanos, com a pr\u00f3xima edi\u00e7\u00e3o confirmada para 2025. Sendo considerado o maior festival de m\u00fasica, cultura e arte de S\u00e3o Paulo, o The Town \u00e9 realizado na Cidade da M\u00fasica, em uma \u00e1rea de 350 mil m<sup>2<\/sup>\u00a0do Aut\u00f3dromo de Interlagos, totalmente renovada. Para 2025, a segunda edi\u00e7\u00e3o ser\u00e1 nos dias 6, 7, 12, 13 e 14 de setembro e a organiza\u00e7\u00e3o promete um espet\u00e1culo ainda maior e melhor, que ficar\u00e1 para a hist\u00f3ria da capital.<\/p>\n<p>Na primeira edi\u00e7\u00e3o, foram meio milh\u00e3o de pessoas em cinco dias, 220 ativa\u00e7\u00f5es, 125 shows, nove ambientes, seis palcos, um musical, 235 horas de experi\u00eancia e uma semelhan\u00e7a inacredit\u00e1vel com a primeira edi\u00e7\u00e3o do Rock in Rio, l\u00e1 em 1985. Nomes da m\u00fasica nacional e internacional se apresentaram nos palcos do festival, como Post Malone, Bruno Mars, Maroon 5, Foo Fighters, Demi Lovato, Joss Stone, Lu\u00edsa Sonza, Ludmilla, Iza, J\u00e3o e Criolo.<\/p>\n<p>A cenografia da Cidade da M\u00fasica foi cuidadosamente projetada para refletir a rica cultura e arquitetura de S\u00e3o Paulo. O palco Skyline, inspirado nos ic\u00f4nicos pr\u00e9dios da cidade, apresentou artistas do mundo inteiro, compondo as quatro atra\u00e7\u00f5es do dia. J\u00e1 o The One, ofereceu um cen\u00e1rio inspirado nos museus de arte da capital e promoveu grandes encontros e reflex\u00f5es art\u00edsticas. Do Rio para S\u00e3o Paulo, o New Dance Order foi dedicado \u00e0 m\u00fasica de pista, passando pelos g\u00eaneros house, techno, trance, bass e trap. A S\u00e3o Paulo Square veio inspirada na regi\u00e3o em que a cidade de S\u00e3o Paulo foi fundada, em pr\u00e9dios hist\u00f3ricos com arquiteturas ic\u00f4nicas de S\u00e3o Paulo, enquanto o Factory trouxe um toque industrial, inspirado em antigos galp\u00f5es, proporcionando um ambiente \u00fanico para as apresenta\u00e7\u00f5es. A Rota 85, uma das ruas mais charmosas e nost\u00e1lgicas do Rock in Rio, tamb\u00e9m esteve presente no novo festival. Para a pr\u00f3xima edi\u00e7\u00e3o, o festival ainda anunciar\u00e1 as atra\u00e7\u00f5es que far\u00e3o parte da Cidade da M\u00fasica.<\/p>\n<p>O The Town tamb\u00e9m se destacou pelo compromisso com a sustentabilidade, orientado pelos pilares de Sonhar e Fazer Acontecer da plataforma \u201cPor Um Mundo Melhor\u201d, que nasceu a partir do Rock in Rio e, hoje, \u00e9 uma \u00e1rea consistente dentro da Rock World. The Town foi pioneiro na utiliza\u00e7\u00e3o de 472 mil copos reutiliz\u00e1veis durante os cinco dias de evento, evitando a gera\u00e7\u00e3o de 10 toneladas de res\u00edduos. Em parceria com a ONG Gerando Falc\u00f5es, a Gerdau e a Funda\u00e7\u00e3o Grupo Volkswagen, o The Town lan\u00e7ou o projeto Favela 3D, voltado para o desenvolvimento social da Favela do Haiti, em S\u00e3o Paulo. Por meio de uma metodologia escal\u00e1vel e sustent\u00e1vel, 290 fam\u00edlias est\u00e3o sendo impactadas por a\u00e7\u00f5es que promovem o fortalecimento comunit\u00e1rio, empregabilidade, empreendedorismo, capacita\u00e7\u00f5es profissionais e acompanhamento individualizado, ao longo de dois anos. Ao completar um ano, a Favela do Haiti celebrou o pleno emprego.<\/p>\n<p>A primeira edi\u00e7\u00e3o do The Town teve um impacto econ\u00f4mico significativo, gerando R$ 1,9 bilh\u00e3o para a cidade e criando mais de 23,4 mil empregos. Com uma comunica\u00e7\u00e3o que atingiu 145 milh\u00f5es de pessoas e provocou 2,21 milh\u00f5es de conversas nas redes sociais, The Town se consolidou no calend\u00e1rio cultural e econ\u00f4mico do pa\u00eds.<\/p>\n<p>&nbsp;<\/p>\n","protected":false},"excerpt":{"rendered":"<p>A aclamada e ic\u00f4nica artista, que possui uma legi\u00e3o de f\u00e3s no Brasil e no mundo, se apresenta no dia 14 de setembro. Nesta segunda edi\u00e7\u00e3o, festival proporcionar\u00e1 uma experi\u00eancia ainda melhor para o p\u00fablico com o reposicionamento do palco The One e outros espa\u00e7os. Ap\u00f3s dois anos de espera, o The Town volta a [&hellip;]<\/p>\n","protected":false},"author":4,"featured_media":24748,"comment_status":"open","ping_status":"open","sticky":false,"template":"","format":"standard","meta":{"_mi_skip_tracking":false,"_exactmetrics_sitenote_active":false,"_exactmetrics_sitenote_note":"","_exactmetrics_sitenote_category":0,"footnotes":""},"categories":[3473,27],"tags":[3162,393,2512],"class_list":["post-24745","post","type-post","status-publish","format-standard","has-post-thumbnail","hentry","category-musica","category-eventos","tag-katy-perry","tag-sao-paulo","tag-the-town"],"_links":{"self":[{"href":"https:\/\/terranerdica.com.br\/index.php\/wp-json\/wp\/v2\/posts\/24745"}],"collection":[{"href":"https:\/\/terranerdica.com.br\/index.php\/wp-json\/wp\/v2\/posts"}],"about":[{"href":"https:\/\/terranerdica.com.br\/index.php\/wp-json\/wp\/v2\/types\/post"}],"author":[{"embeddable":true,"href":"https:\/\/terranerdica.com.br\/index.php\/wp-json\/wp\/v2\/users\/4"}],"replies":[{"embeddable":true,"href":"https:\/\/terranerdica.com.br\/index.php\/wp-json\/wp\/v2\/comments?post=24745"}],"version-history":[{"count":1,"href":"https:\/\/terranerdica.com.br\/index.php\/wp-json\/wp\/v2\/posts\/24745\/revisions"}],"predecessor-version":[{"id":24749,"href":"https:\/\/terranerdica.com.br\/index.php\/wp-json\/wp\/v2\/posts\/24745\/revisions\/24749"}],"wp:featuredmedia":[{"embeddable":true,"href":"https:\/\/terranerdica.com.br\/index.php\/wp-json\/wp\/v2\/media\/24748"}],"wp:attachment":[{"href":"https:\/\/terranerdica.com.br\/index.php\/wp-json\/wp\/v2\/media?parent=24745"}],"wp:term":[{"taxonomy":"category","embeddable":true,"href":"https:\/\/terranerdica.com.br\/index.php\/wp-json\/wp\/v2\/categories?post=24745"},{"taxonomy":"post_tag","embeddable":true,"href":"https:\/\/terranerdica.com.br\/index.php\/wp-json\/wp\/v2\/tags?post=24745"}],"curies":[{"name":"wp","href":"https:\/\/api.w.org\/{rel}","templated":true}]}}