{"id":24577,"date":"2024-10-14T15:21:23","date_gmt":"2024-10-14T18:21:23","guid":{"rendered":"https:\/\/terranerdica.com.br\/?p=24577"},"modified":"2024-10-16T09:27:14","modified_gmt":"2024-10-16T12:27:14","slug":"show-os-garotin-de-sao-goncalo-no-circo-voador","status":"publish","type":"post","link":"https:\/\/terranerdica.com.br\/index.php\/2024\/10\/14\/show-os-garotin-de-sao-goncalo-no-circo-voador\/","title":{"rendered":"Show | Os Garotin de S\u00e3o Gon\u00e7alo no Circo Voador"},"content":{"rendered":"<p><span style=\"font-weight: 400\">Ap\u00f3s um lan\u00e7amento de sucesso em que a plateia cantava mais alto que a banda, a turn\u00ea <\/span><i><span style=\"font-weight: 400\">&#8216;Os Garotin de SG&#8217; <\/span><\/i><span style=\"font-weight: 400\">ganhou data extra no Circo Voador, na sexta, 25 de outubro. Juntos h\u00e1 um ano, o grupo &#8216;<\/span><i><span style=\"font-weight: 400\">Os Garotin<\/span><\/i><span style=\"font-weight: 400\">&#8216;, formado por Anchietx, Cupertino e Leo Guima, trio de S\u00e3o Gon\u00e7alo, regi\u00e3o metropolitana do Rio de Janeiro, j\u00e1 \u00e9 um fen\u00f4meno nacional. Eles foram indicados em tr\u00eas categorias do Grammy Latino, se apresentaram no palco Ita\u00fa do Rock in Rio 2024, fizeram participa\u00e7\u00f5es em programas como Crian\u00e7a Esperan\u00e7a 2024 e TVZ ao vivo, do canal Multishow, e possuem mais de 45 milh\u00f5es de plays nas plataformas.\u00a0<\/span><\/p>\n<figure id=\"attachment_24578\" aria-describedby=\"caption-attachment-24578\" style=\"width: 975px\" class=\"wp-caption aligncenter\"><img loading=\"lazy\" decoding=\"async\" width=\"975\" height=\"1024\" class=\"wp-image-24578 size-large\" src=\"http:\/\/terranerdica.com.br\/wp-content\/uploads\/2024\/10\/WhatsApp-Image-2024-10-14-at-14.42.03-1-975x1024.jpeg\" alt=\"\" srcset=\"https:\/\/terranerdica.com.br\/wp-content\/uploads\/2024\/10\/WhatsApp-Image-2024-10-14-at-14.42.03-1-975x1024.jpeg 975w, https:\/\/terranerdica.com.br\/wp-content\/uploads\/2024\/10\/WhatsApp-Image-2024-10-14-at-14.42.03-1-286x300.jpeg 286w, https:\/\/terranerdica.com.br\/wp-content\/uploads\/2024\/10\/WhatsApp-Image-2024-10-14-at-14.42.03-1-768x807.jpeg 768w, https:\/\/terranerdica.com.br\/wp-content\/uploads\/2024\/10\/WhatsApp-Image-2024-10-14-at-14.42.03-1-750x788.jpeg 750w, https:\/\/terranerdica.com.br\/wp-content\/uploads\/2024\/10\/WhatsApp-Image-2024-10-14-at-14.42.03-1-1140x1197.jpeg 1140w, https:\/\/terranerdica.com.br\/wp-content\/uploads\/2024\/10\/WhatsApp-Image-2024-10-14-at-14.42.03-1.jpeg 1170w\" sizes=\"(max-width: 975px) 100vw, 975px\" \/><figcaption id=\"caption-attachment-24578\" class=\"wp-caption-text\">Os Garotin no Circo Voador em julho de 2024 &#8211; foto: arquivo pessoal<\/figcaption><\/figure>\n<p><span style=\"font-weight: 400\">O show \u00e9 uma data extra muito pedida pelos f\u00e3s, principalmente os que n\u00e3o conseguiram comparecer em julho, que contou com lota\u00e7\u00e3o m\u00e1xima. Com dire\u00e7\u00e3o de Renan de Andrade e produ\u00e7\u00e3o Mangolab, a expectativa \u00e9 alta para uma performance colorida, cheia de jogos de luzes quentes e m\u00fasicas dan\u00e7antes que perpassam o R&amp;B, Soul e MPB, agitando a noite carioca em um dos espa\u00e7os mais tradicionais do Rio de Janeiro. Segundo a casa, em time que est\u00e1 ganhando n\u00e3o se mexe. Por isso, antes e depois do show, a pista fica novamente sob o comando dos DJs Hev, Michell e 2zillas. Ser\u00e1 que teremos baile charme para aquecer novamente? S\u00f3 quem for saber\u00e1!\u00a0<\/span><\/p>\n<p><img loading=\"lazy\" decoding=\"async\" width=\"1024\" height=\"1017\" class=\"aligncenter wp-image-24579 size-large\" src=\"http:\/\/terranerdica.com.br\/wp-content\/uploads\/2024\/10\/WhatsApp-Image-2024-10-14-at-14.49.05-1024x1017.jpeg\" alt=\"\" srcset=\"https:\/\/terranerdica.com.br\/wp-content\/uploads\/2024\/10\/WhatsApp-Image-2024-10-14-at-14.49.05-1024x1017.jpeg 1024w, https:\/\/terranerdica.com.br\/wp-content\/uploads\/2024\/10\/WhatsApp-Image-2024-10-14-at-14.49.05-300x298.jpeg 300w, https:\/\/terranerdica.com.br\/wp-content\/uploads\/2024\/10\/WhatsApp-Image-2024-10-14-at-14.49.05-150x150.jpeg 150w, https:\/\/terranerdica.com.br\/wp-content\/uploads\/2024\/10\/WhatsApp-Image-2024-10-14-at-14.49.05-768x763.jpeg 768w, https:\/\/terranerdica.com.br\/wp-content\/uploads\/2024\/10\/WhatsApp-Image-2024-10-14-at-14.49.05-75x75.jpeg 75w, https:\/\/terranerdica.com.br\/wp-content\/uploads\/2024\/10\/WhatsApp-Image-2024-10-14-at-14.49.05-750x745.jpeg 750w, https:\/\/terranerdica.com.br\/wp-content\/uploads\/2024\/10\/WhatsApp-Image-2024-10-14-at-14.49.05-1140x1132.jpeg 1140w, https:\/\/terranerdica.com.br\/wp-content\/uploads\/2024\/10\/WhatsApp-Image-2024-10-14-at-14.49.05.jpeg 1170w\" sizes=\"(max-width: 1024px) 100vw, 1024px\" \/><span style=\"font-weight: 400\">Os ingressos j\u00e1 est\u00e3o esgotados e os port\u00f5es abrem \u00e0s 20h. Chegue cedo para garantir o melhor lugar.\u00a0<\/span><\/p>\n<p>&nbsp;<\/p>\n","protected":false},"excerpt":{"rendered":"<p>Ap\u00f3s um lan\u00e7amento de sucesso em que a plateia cantava mais alto que a banda, a turn\u00ea &#8216;Os Garotin de SG&#8217; ganhou data extra no Circo Voador, na sexta, 25 de outubro. Juntos h\u00e1 um ano, o grupo &#8216;Os Garotin&#8216;, formado por Anchietx, Cupertino e Leo Guima, trio de S\u00e3o Gon\u00e7alo, regi\u00e3o metropolitana do Rio [&hellip;]<\/p>\n","protected":false},"author":2330,"featured_media":24579,"comment_status":"open","ping_status":"open","sticky":false,"template":"","format":"standard","meta":{"_mi_skip_tracking":false,"_exactmetrics_sitenote_active":false,"_exactmetrics_sitenote_note":"","_exactmetrics_sitenote_category":0,"footnotes":""},"categories":[3473,2658],"tags":[1948,3478,3225],"class_list":["post-24577","post","type-post","status-publish","format-standard","has-post-thumbnail","hentry","category-musica","category-show","tag-circo-voador","tag-os-garotin","tag-show-rio-de-janeiro"],"_links":{"self":[{"href":"https:\/\/terranerdica.com.br\/index.php\/wp-json\/wp\/v2\/posts\/24577"}],"collection":[{"href":"https:\/\/terranerdica.com.br\/index.php\/wp-json\/wp\/v2\/posts"}],"about":[{"href":"https:\/\/terranerdica.com.br\/index.php\/wp-json\/wp\/v2\/types\/post"}],"author":[{"embeddable":true,"href":"https:\/\/terranerdica.com.br\/index.php\/wp-json\/wp\/v2\/users\/2330"}],"replies":[{"embeddable":true,"href":"https:\/\/terranerdica.com.br\/index.php\/wp-json\/wp\/v2\/comments?post=24577"}],"version-history":[{"count":3,"href":"https:\/\/terranerdica.com.br\/index.php\/wp-json\/wp\/v2\/posts\/24577\/revisions"}],"predecessor-version":[{"id":24582,"href":"https:\/\/terranerdica.com.br\/index.php\/wp-json\/wp\/v2\/posts\/24577\/revisions\/24582"}],"wp:featuredmedia":[{"embeddable":true,"href":"https:\/\/terranerdica.com.br\/index.php\/wp-json\/wp\/v2\/media\/24579"}],"wp:attachment":[{"href":"https:\/\/terranerdica.com.br\/index.php\/wp-json\/wp\/v2\/media?parent=24577"}],"wp:term":[{"taxonomy":"category","embeddable":true,"href":"https:\/\/terranerdica.com.br\/index.php\/wp-json\/wp\/v2\/categories?post=24577"},{"taxonomy":"post_tag","embeddable":true,"href":"https:\/\/terranerdica.com.br\/index.php\/wp-json\/wp\/v2\/tags?post=24577"}],"curies":[{"name":"wp","href":"https:\/\/api.w.org\/{rel}","templated":true}]}}