{"id":24507,"date":"2024-10-03T19:23:48","date_gmt":"2024-10-03T22:23:48","guid":{"rendered":"https:\/\/terranerdica.com.br\/?p=24507"},"modified":"2024-10-14T09:00:57","modified_gmt":"2024-10-14T12:00:57","slug":"morre-cid-moreira-aos-97-anos","status":"publish","type":"post","link":"https:\/\/terranerdica.com.br\/index.php\/2024\/10\/03\/morre-cid-moreira-aos-97-anos\/","title":{"rendered":"Morre Cid Moreira aos 97 anos"},"content":{"rendered":"<p>No dia 3 de outubro faleceu o jornalista, locutor e apresentador Cid Moreira um dos comunicadores mais ic\u00f4nicos da hist\u00f3ria da televis\u00e3o brasileira.<\/p>\n<p>Cid estava internado no Hospital Santa Teresa, em Petr\u00f3polis,\u00a0 desde o dia 4 de setembro em decorr\u00eancia de uma insufici\u00eancia renal cr\u00f4nica. Ap\u00f3s uma significativa piora do quadro \u00e1s 08 horas desta quinta feira Cid morreu de fal\u00eancia m\u00faltipla de \u00f3rg\u00e3os.<\/p>\n<p><img loading=\"lazy\" decoding=\"async\" width=\"750\" height=\"375\" class=\"wp-image-24509 size-jnews-750x375 alignnone\" src=\"http:\/\/terranerdica.com.br\/wp-content\/uploads\/2024\/10\/Morre-Cid-Moreira-aos-97-anos-no-RJ-6-750x375.jpg\" alt=\"\" srcset=\"https:\/\/terranerdica.com.br\/wp-content\/uploads\/2024\/10\/Morre-Cid-Moreira-aos-97-anos-no-RJ-6-750x375.jpg 750w, https:\/\/terranerdica.com.br\/wp-content\/uploads\/2024\/10\/Morre-Cid-Moreira-aos-97-anos-no-RJ-6-360x180.jpg 360w, https:\/\/terranerdica.com.br\/wp-content\/uploads\/2024\/10\/Morre-Cid-Moreira-aos-97-anos-no-RJ-6-1140x570.jpg 1140w\" sizes=\"(max-width: 750px) 100vw, 750px\" \/><\/p>\n<p><strong>Uma carreira marcada na hist\u00f3ria da comunica\u00e7\u00e3o brasileira<\/strong><\/p>\n<p>Cid iniciou a carreira no r\u00e1dio em 1944 ap\u00f3s ser descoberto por um amigo que o incentivou a fazer um teste na R\u00e1dio Difusora de Taubat\u00e9. At\u00e9 o ano de 1949 trabalhou com locu\u00e7\u00e3o em diversos comerciais at\u00e9 se mudar para S\u00e3o Paulo, trabalhando na R\u00e1dio Bandeirantes e na Propago Publicidade.<\/p>\n<p>Dois anos depois, em 1951, foi contratado pela R\u00e1dio Mayrink Veiga at\u00e9 1956, sendo este per\u00edodo seus primeiros trabalhos na televis\u00e3o com comerciais ao vivo nos programas Al\u00e9m da Imagina\u00e7\u00e3o e Noite de Gala na TV Rio.<\/p>\n<p>Ainda na emissora passou para o\u00a0 trabalho como locutor de notici\u00e1rios ocorreu em 1963 no Jornal da Vanguarda sendo o in\u00edcio da sua carreira no jornalismo televisivo. Sua carreira consolidada na televis\u00e3o \u00e9 marcada pelo trabalho nas emissoras Tupi, Globo, Excelsior e Continental.<\/p>\n<p>Em 1969 Cid substituiu Lu\u00eds Jatoba no Jornal da Globo, fun\u00e7\u00e3o que desempenhou at\u00e9 1996 e dividiu a bancada do programa transmitido para todo o Brasil com nomes como Hilton Gomes e S\u00e9rgio Chapellin. Segundo o Mem\u00f3ria Globo neste per\u00edodo ele apresentou o Jornal Nacional por cerca de 8 mil edi\u00e7\u00f5es.<\/p>\n<p>O enterro acontecer\u00e1 na cidade de nascimento do apresentador, Taubat\u00e9, sem uma data e local definida com a previs\u00e3o de dois vel\u00f3rios que acontecem em Itaipava nesta quinta e outro no Pal\u00e1cio Guanabara no dia seguinte no Rio de Janeiro.<\/p>\n<p>&nbsp;<\/p>\n","protected":false},"excerpt":{"rendered":"<p>No dia 3 de outubro faleceu o jornalista, locutor e apresentador Cid Moreira um dos comunicadores mais ic\u00f4nicos da hist\u00f3ria da televis\u00e3o brasileira. Cid estava internado no Hospital Santa Teresa, em Petr\u00f3polis,\u00a0 desde o dia 4 de setembro em decorr\u00eancia de uma insufici\u00eancia renal cr\u00f4nica. Ap\u00f3s uma significativa piora do quadro \u00e1s 08 horas desta [&hellip;]<\/p>\n","protected":false},"author":2328,"featured_media":24508,"comment_status":"open","ping_status":"open","sticky":false,"template":"","format":"standard","meta":{"_mi_skip_tracking":false,"_exactmetrics_sitenote_active":false,"_exactmetrics_sitenote_note":"","_exactmetrics_sitenote_category":0,"footnotes":""},"categories":[2488],"tags":[3470,3472,2481,3471],"class_list":["post-24507","post","type-post","status-publish","format-standard","has-post-thumbnail","hentry","category-cultura","tag-cid-moreira","tag-jornal-nacional","tag-jornalismo","tag-tv-globo"],"_links":{"self":[{"href":"https:\/\/terranerdica.com.br\/index.php\/wp-json\/wp\/v2\/posts\/24507"}],"collection":[{"href":"https:\/\/terranerdica.com.br\/index.php\/wp-json\/wp\/v2\/posts"}],"about":[{"href":"https:\/\/terranerdica.com.br\/index.php\/wp-json\/wp\/v2\/types\/post"}],"author":[{"embeddable":true,"href":"https:\/\/terranerdica.com.br\/index.php\/wp-json\/wp\/v2\/users\/2328"}],"replies":[{"embeddable":true,"href":"https:\/\/terranerdica.com.br\/index.php\/wp-json\/wp\/v2\/comments?post=24507"}],"version-history":[{"count":2,"href":"https:\/\/terranerdica.com.br\/index.php\/wp-json\/wp\/v2\/posts\/24507\/revisions"}],"predecessor-version":[{"id":24511,"href":"https:\/\/terranerdica.com.br\/index.php\/wp-json\/wp\/v2\/posts\/24507\/revisions\/24511"}],"wp:featuredmedia":[{"embeddable":true,"href":"https:\/\/terranerdica.com.br\/index.php\/wp-json\/wp\/v2\/media\/24508"}],"wp:attachment":[{"href":"https:\/\/terranerdica.com.br\/index.php\/wp-json\/wp\/v2\/media?parent=24507"}],"wp:term":[{"taxonomy":"category","embeddable":true,"href":"https:\/\/terranerdica.com.br\/index.php\/wp-json\/wp\/v2\/categories?post=24507"},{"taxonomy":"post_tag","embeddable":true,"href":"https:\/\/terranerdica.com.br\/index.php\/wp-json\/wp\/v2\/tags?post=24507"}],"curies":[{"name":"wp","href":"https:\/\/api.w.org\/{rel}","templated":true}]}}