{"id":24363,"date":"2024-09-10T22:43:54","date_gmt":"2024-09-11T01:43:54","guid":{"rendered":"https:\/\/terranerdica.com.br\/?p=24363"},"modified":"2024-09-13T23:11:53","modified_gmt":"2024-09-14T02:11:53","slug":"rogerio-skylab-fara-apresentacao-no-circo-voador","status":"publish","type":"post","link":"https:\/\/terranerdica.com.br\/index.php\/2024\/09\/10\/rogerio-skylab-fara-apresentacao-no-circo-voador\/","title":{"rendered":"Rog\u00e9rio Skylab far\u00e1 apresenta\u00e7\u00e3o no circo voador"},"content":{"rendered":"<p>Rog\u00e9rio Skylab \u00e9 um dos artistas mais singulares da m\u00fasica brasileira, conhecido por sua irrever\u00eancia e estilo provocador. Formado em filosofia e letras, Skylab come\u00e7ou sua carreira musical nos anos 90, destacando-se com composi\u00e7\u00f5es que mesclam humor negro, cr\u00edtica social e experimentalismo sonoro. Seu primeiro \u00e1lbum, <em>Fora da Grei<\/em> (1991), j\u00e1 mostrava sua tend\u00eancia de seguir caminhos alternativos, fugindo das conven\u00e7\u00f5es da m\u00fasica tradicional.<\/p>\n<p><img loading=\"lazy\" decoding=\"async\" width=\"818\" height=\"459\" class=\"aligncenter size-full wp-image-24364\" src=\"http:\/\/terranerdica.com.br\/wp-content\/uploads\/2024\/09\/1_rogerio_skylab_em_fortaleza-23220481.webp\" alt=\"\" srcset=\"https:\/\/terranerdica.com.br\/wp-content\/uploads\/2024\/09\/1_rogerio_skylab_em_fortaleza-23220481.webp 818w, https:\/\/terranerdica.com.br\/wp-content\/uploads\/2024\/09\/1_rogerio_skylab_em_fortaleza-23220481-300x168.webp 300w, https:\/\/terranerdica.com.br\/wp-content\/uploads\/2024\/09\/1_rogerio_skylab_em_fortaleza-23220481-768x431.webp 768w, https:\/\/terranerdica.com.br\/wp-content\/uploads\/2024\/09\/1_rogerio_skylab_em_fortaleza-23220481-750x421.webp 750w\" sizes=\"(max-width: 818px) 100vw, 818px\" \/><\/p>\n<p>O sucesso veio com o \u00e1lbum <em>Skylab II<\/em> (2000) e a can\u00e7\u00e3o &#8220;Matador de Passarinho&#8221;, que o levou \u00e0 m\u00eddia nacional. Suas letras, sempre absurdas e sat\u00edricas, lhe renderam uma base de f\u00e3s devota e participa\u00e7\u00e3o em programas de TV, onde sua figura exc\u00eantrica e ideias filos\u00f3ficas ganharam notoriedade. Ao longo de sua carreira, Skylab lan\u00e7ou mais de 20 \u00e1lbuns, explorando g\u00eaneros diversos e sempre mantendo uma postura cr\u00edtica e inovadora.<\/p>\n<p><img loading=\"lazy\" decoding=\"async\" width=\"2560\" height=\"1440\" class=\"aligncenter size-full wp-image-24365\" src=\"http:\/\/terranerdica.com.br\/wp-content\/uploads\/2024\/09\/DSC_0181-scaled-1.jpg\" alt=\"\" srcset=\"https:\/\/terranerdica.com.br\/wp-content\/uploads\/2024\/09\/DSC_0181-scaled-1.jpg 2560w, https:\/\/terranerdica.com.br\/wp-content\/uploads\/2024\/09\/DSC_0181-scaled-1-300x169.jpg 300w, https:\/\/terranerdica.com.br\/wp-content\/uploads\/2024\/09\/DSC_0181-scaled-1-1024x576.jpg 1024w, https:\/\/terranerdica.com.br\/wp-content\/uploads\/2024\/09\/DSC_0181-scaled-1-768x432.jpg 768w, https:\/\/terranerdica.com.br\/wp-content\/uploads\/2024\/09\/DSC_0181-scaled-1-1536x864.jpg 1536w, https:\/\/terranerdica.com.br\/wp-content\/uploads\/2024\/09\/DSC_0181-scaled-1-2048x1152.jpg 2048w, https:\/\/terranerdica.com.br\/wp-content\/uploads\/2024\/09\/DSC_0181-scaled-1-750x422.jpg 750w, https:\/\/terranerdica.com.br\/wp-content\/uploads\/2024\/09\/DSC_0181-scaled-1-1140x641.jpg 1140w\" sizes=\"(max-width: 2560px) 100vw, 2560px\" \/><\/p>\n<p>Entre suas obras mais destacadas, a &#8220;Trilogia dos Carnavais&#8221; e sua parceria com L\u00edvio Tragtenberg demonstram sua inclina\u00e7\u00e3o por projetos conceituais e experimentalismo musical. Misturando samba, rock e m\u00fasica erudita, Skylab continuou desafiando os limites da m\u00fasica popular, aprofundando sua abordagem \u00fanica e provocadora.<\/p>\n<p><img loading=\"lazy\" decoding=\"async\" width=\"1600\" height=\"1070\" class=\"aligncenter size-full wp-image-24366\" src=\"http:\/\/terranerdica.com.br\/wp-content\/uploads\/2024\/09\/SKYLAB.jpeg\" alt=\"\" srcset=\"https:\/\/terranerdica.com.br\/wp-content\/uploads\/2024\/09\/SKYLAB.jpeg 1600w, https:\/\/terranerdica.com.br\/wp-content\/uploads\/2024\/09\/SKYLAB-300x201.jpeg 300w, https:\/\/terranerdica.com.br\/wp-content\/uploads\/2024\/09\/SKYLAB-1024x685.jpeg 1024w, https:\/\/terranerdica.com.br\/wp-content\/uploads\/2024\/09\/SKYLAB-768x514.jpeg 768w, https:\/\/terranerdica.com.br\/wp-content\/uploads\/2024\/09\/SKYLAB-1536x1027.jpeg 1536w, https:\/\/terranerdica.com.br\/wp-content\/uploads\/2024\/09\/SKYLAB-750x502.jpeg 750w, https:\/\/terranerdica.com.br\/wp-content\/uploads\/2024\/09\/SKYLAB-1140x762.jpeg 1140w\" sizes=\"(max-width: 1600px) 100vw, 1600px\" \/><\/p>\n<p>Skylab construiu uma carreira s\u00f3lida e respeitada. Seu legado \u00e9 o de um artista que nunca teve medo de romper barreiras e explorar novos territ\u00f3rios, sendo reconhecido como um dos nomes mais originais e inovadores da m\u00fasica brasileira.<\/p>\n<p>Ele se apresentar\u00e1 no circo voador no dia 14\/09, s\u00e1bado. Um \u00f3timo programa para conhecer um dos cantores mais diferentes da nossa MBP.<\/p>\n","protected":false},"excerpt":{"rendered":"<p>Rog\u00e9rio Skylab \u00e9 um dos artistas mais singulares da m\u00fasica brasileira, conhecido por sua irrever\u00eancia e estilo provocador. Formado em filosofia e letras, Skylab come\u00e7ou sua carreira musical nos anos 90, destacando-se com composi\u00e7\u00f5es que mesclam humor negro, cr\u00edtica social e experimentalismo sonoro. Seu primeiro \u00e1lbum, Fora da Grei (1991), j\u00e1 mostrava sua tend\u00eancia de [&hellip;]<\/p>\n","protected":false},"author":2329,"featured_media":24367,"comment_status":"open","ping_status":"open","sticky":false,"template":"","format":"standard","meta":{"_mi_skip_tracking":false,"_exactmetrics_sitenote_active":false,"_exactmetrics_sitenote_note":"","_exactmetrics_sitenote_category":0,"footnotes":""},"categories":[2658],"tags":[],"class_list":["post-24363","post","type-post","status-publish","format-standard","has-post-thumbnail","hentry","category-show"],"_links":{"self":[{"href":"https:\/\/terranerdica.com.br\/index.php\/wp-json\/wp\/v2\/posts\/24363"}],"collection":[{"href":"https:\/\/terranerdica.com.br\/index.php\/wp-json\/wp\/v2\/posts"}],"about":[{"href":"https:\/\/terranerdica.com.br\/index.php\/wp-json\/wp\/v2\/types\/post"}],"author":[{"embeddable":true,"href":"https:\/\/terranerdica.com.br\/index.php\/wp-json\/wp\/v2\/users\/2329"}],"replies":[{"embeddable":true,"href":"https:\/\/terranerdica.com.br\/index.php\/wp-json\/wp\/v2\/comments?post=24363"}],"version-history":[{"count":1,"href":"https:\/\/terranerdica.com.br\/index.php\/wp-json\/wp\/v2\/posts\/24363\/revisions"}],"predecessor-version":[{"id":24368,"href":"https:\/\/terranerdica.com.br\/index.php\/wp-json\/wp\/v2\/posts\/24363\/revisions\/24368"}],"wp:featuredmedia":[{"embeddable":true,"href":"https:\/\/terranerdica.com.br\/index.php\/wp-json\/wp\/v2\/media\/24367"}],"wp:attachment":[{"href":"https:\/\/terranerdica.com.br\/index.php\/wp-json\/wp\/v2\/media?parent=24363"}],"wp:term":[{"taxonomy":"category","embeddable":true,"href":"https:\/\/terranerdica.com.br\/index.php\/wp-json\/wp\/v2\/categories?post=24363"},{"taxonomy":"post_tag","embeddable":true,"href":"https:\/\/terranerdica.com.br\/index.php\/wp-json\/wp\/v2\/tags?post=24363"}],"curies":[{"name":"wp","href":"https:\/\/api.w.org\/{rel}","templated":true}]}}