{"id":24350,"date":"2024-09-12T20:00:06","date_gmt":"2024-09-12T23:00:06","guid":{"rendered":"https:\/\/terranerdica.com.br\/?p=24350"},"modified":"2024-10-16T09:26:21","modified_gmt":"2024-10-16T12:26:21","slug":"arcane-trilha-sonora-da-segunda-temporada-da-serie-e-revelada","status":"publish","type":"post","link":"https:\/\/terranerdica.com.br\/index.php\/2024\/09\/12\/arcane-trilha-sonora-da-segunda-temporada-da-serie-e-revelada\/","title":{"rendered":"Arcane | Trilha sonora da segunda temporada da s\u00e9rie \u00e9 revelada"},"content":{"rendered":"<p dir=\"ltr\">A Riot Games, em parceria com a Virgin Music Group, revelou a t\u00e3o aguardada trilha sonora e os artistas que estar\u00e3o presentes na segunda e \u00faltima temporada de Arcane, a aclamada s\u00e9rie animada baseada no universo de League of Legends. A trilha promete trazer m\u00fasicas impactantes que refletem a complexidade dos personagens e os momentos cruciais da narrativa.<\/p>\n<p dir=\"ltr\">No dia 5 de setembro, o trailer oficial da nova temporada foi lan\u00e7ado, acompanhado pela faixa &#8220;Paint The Town Blue&#8221;, da cantora Ashnikko. A m\u00fasica, com sua pegada energ\u00e9tica e marcante, faz parte da trilha sonora que promete elevar a emo\u00e7\u00e3o da s\u00e9rie, mantendo o alto padr\u00e3o musical estabelecido pela primeira temporada.<\/p>\n<p><img loading=\"lazy\" decoding=\"async\" width=\"225\" height=\"225\" class=\"size-full wp-image-24352 aligncenter\" src=\"http:\/\/terranerdica.com.br\/wp-content\/uploads\/2024\/09\/images-43.jpeg\" alt=\"\" srcset=\"https:\/\/terranerdica.com.br\/wp-content\/uploads\/2024\/09\/images-43.jpeg 225w, https:\/\/terranerdica.com.br\/wp-content\/uploads\/2024\/09\/images-43-150x150.jpeg 150w, https:\/\/terranerdica.com.br\/wp-content\/uploads\/2024\/09\/images-43-75x75.jpeg 75w\" sizes=\"(max-width: 225px) 100vw, 225px\" \/><\/p>\n<p dir=\"ltr\">Al\u00e9m de Ashnikko, a trilha sonora contar\u00e1 com outros grandes artistas, incluindo o grupo de K-pop Stray Kids, o cantor belga Stromae e a dupla norte-americana Twenty One Pilots, entre outros.<\/p>\n<p dir=\"ltr\">A Riot Games refor\u00e7ou que cada faixa foi cuidadosamente desenvolvida para momentos importantes da s\u00e9rie, com o objetivo de amplificar as emo\u00e7\u00f5es vividas pelos personagens e intensificar a imers\u00e3o dos espectadores. As m\u00fasicas foram escolhidas de forma a refletir os temas centrais da s\u00e9rie, como lealdade, trai\u00e7\u00e3o, e os la\u00e7os familiares que se formam em meio ao caos.<\/p>\n<p dir=\"ltr\">Maria Egan, chefe global de m\u00fasica na Riot Games, ressaltou que a trilha sonora foi o resultado de um esfor\u00e7o colaborativo entre os artistas, produtores da s\u00e9rie e os compositores da Riot. A m\u00fasica sempre desempenhou um papel central na constru\u00e7\u00e3o do universo de League of Legends, e agora, em Arcane, esse aspecto \u00e9 levado a outro n\u00edvel, com can\u00e7\u00f5es feitas sob medida para enriquecer a experi\u00eancia narrativa.<\/p>\n<p dir=\"ltr\">Al\u00e9m de Maria Egan, os artistas envolvidos tamb\u00e9m compartilharam seu entusiasmo em colaborar com a Riot, destacando a import\u00e2ncia da trilha sonora em dar vida aos temas centrais da s\u00e9rie como disse Tyler Joseph de Twenty One Pilots em comunicado a imprensa:<\/p>\n<p dir=\"ltr\">&#8220;Eu me senti inspirado pela primeira temporada e pela maneira como a ideia de fam\u00edlia e de quem se torna sua fam\u00edlia est\u00e1 inserida no tema central, e como a m\u00fasica contribuiu para dar vida a isso no mundo de Arcane&#8221;<\/p>\n<p dir=\"ltr\">E o grupo de Kpop, Stray Kids:<\/p>\n<p dir=\"ltr\">&#8220;Somos muito apaixonados por Arcane e League of Legends. Nosso single tem um toque din\u00e2mico, que une v\u00e1rios tipos de vozes e linguagens. N\u00f3s gostamos de jogar LoL e queremos que os f\u00e3s escutem nossa m\u00fasica e assistam \u00e0 segunda temporada de Arcane!&#8221;.<\/p>\n<p dir=\"ltr\">Com uma trilha sonora diversificada e emocionalmente carregada, a segunda temporada de Arcane promete n\u00e3o apenas encantar visualmente, mas tamb\u00e9m deixar a sua grande marca atrav\u00e9s da m\u00fasica.<\/p>\n<p dir=\"ltr\">A seguir confiram todos os artistas que est\u00e3o presentes na faixa et\u00e1ria da segunda temporada da s\u00e9rie:<\/p>\n<p><img loading=\"lazy\" decoding=\"async\" width=\"240\" height=\"300\" class=\"size-medium wp-image-24353 aligncenter\" src=\"http:\/\/terranerdica.com.br\/wp-content\/uploads\/2024\/09\/images-44-240x300.jpeg\" alt=\"\" srcset=\"https:\/\/terranerdica.com.br\/wp-content\/uploads\/2024\/09\/images-44-240x300.jpeg 240w, https:\/\/terranerdica.com.br\/wp-content\/uploads\/2024\/09\/images-44.jpeg 495w\" sizes=\"(max-width: 240px) 100vw, 240px\" \/><\/p>\n<p dir=\"ltr\">\u201cI Can\u2019t Hear It Now\u201d \u2014 Freya Ridings<\/p>\n<p dir=\"ltr\">\u201cSucker\u201d \u2014 Marcus King<\/p>\n<p dir=\"ltr\">\u201cRenegade (We Never Run)\u201d \u2014 Stefflon Don, Raja Kumari com Jarina de Marco<\/p>\n<p dir=\"ltr\">\u201cHellfire\u201d \u2014 Fever 333<\/p>\n<p dir=\"ltr\">\u201cTo Ashes And Blood\u201d \u2014 Woodkid<\/p>\n<p dir=\"ltr\">\u201cPaint The Town Blue\u201d \u2014 Ashnikko<\/p>\n<p dir=\"ltr\">\u201cRemember Me (Intro)\u201d \u2014 d4vd<\/p>\n<p dir=\"ltr\">\u201cRemember Me\u201d \u2014 d4vd<\/p>\n<p dir=\"ltr\">\u201cCocktail Molotov\u201d \u2014 ZAND<\/p>\n<p dir=\"ltr\">\u201cWhat Have They Done To Us\u201d \u2014 Mako, Grey<\/p>\n<p dir=\"ltr\">\u201cRebel Heart\u201d \u2014 Djerv<\/p>\n<p dir=\"ltr\">\u201cThe Beast\u201d \u2014 Misha Mansoor<\/p>\n<p dir=\"ltr\">\u201cSpin The Wheel\u201d \u2014 Mick Wingert<\/p>\n<p dir=\"ltr\">\u201cMa Meilleure Ennemie\u201d \u2014 Stromae, Pomme<\/p>\n<p dir=\"ltr\">\u201cFantastic\u201d \u2014 King Princess<\/p>\n<p dir=\"ltr\">\u201cThe Line\u201d \u2014 Twenty One Pilots<\/p>\n<p dir=\"ltr\">\u201cBlood Sweat &amp; Tears\u201d \u2014 Sheryl Lee Ralph<\/p>\n<p dir=\"ltr\">\u201cCome Play\u201d \u2014 Stray Kids, Young Miko, Tom Morello<\/p>\n<p dir=\"ltr\">\u201cWasteland\u201d \u2014 Royal &amp; The Serpent<\/p>\n<p dir=\"ltr\">\u201cEnemy\u201d com JID (vers\u00e3o da abertura da s\u00e9rie League of Legends: Arcane)\u201d \u2014 Imagine Dragons comJID<\/p>\n<p>&nbsp;<\/p>\n","protected":false},"excerpt":{"rendered":"<p>A Riot Games, em parceria com a Virgin Music Group, revelou a t\u00e3o aguardada trilha sonora e os artistas que estar\u00e3o presentes na segunda e \u00faltima temporada de Arcane, a aclamada s\u00e9rie animada baseada no universo de League of Legends. A trilha promete trazer m\u00fasicas impactantes que refletem a complexidade dos personagens e os momentos [&hellip;]<\/p>\n","protected":false},"author":534,"featured_media":24354,"comment_status":"open","ping_status":"open","sticky":false,"template":"","format":"standard","meta":{"_mi_skip_tracking":false,"_exactmetrics_sitenote_active":false,"_exactmetrics_sitenote_note":"","_exactmetrics_sitenote_category":0,"footnotes":""},"categories":[3473,2612,30],"tags":[140,683,684],"class_list":["post-24350","post","type-post","status-publish","format-standard","has-post-thumbnail","hentry","category-musica","category-animacao","category-jogos","tag-arcane","tag-league-of-legends","tag-riot-games"],"_links":{"self":[{"href":"https:\/\/terranerdica.com.br\/index.php\/wp-json\/wp\/v2\/posts\/24350"}],"collection":[{"href":"https:\/\/terranerdica.com.br\/index.php\/wp-json\/wp\/v2\/posts"}],"about":[{"href":"https:\/\/terranerdica.com.br\/index.php\/wp-json\/wp\/v2\/types\/post"}],"author":[{"embeddable":true,"href":"https:\/\/terranerdica.com.br\/index.php\/wp-json\/wp\/v2\/users\/534"}],"replies":[{"embeddable":true,"href":"https:\/\/terranerdica.com.br\/index.php\/wp-json\/wp\/v2\/comments?post=24350"}],"version-history":[{"count":1,"href":"https:\/\/terranerdica.com.br\/index.php\/wp-json\/wp\/v2\/posts\/24350\/revisions"}],"predecessor-version":[{"id":24355,"href":"https:\/\/terranerdica.com.br\/index.php\/wp-json\/wp\/v2\/posts\/24350\/revisions\/24355"}],"wp:featuredmedia":[{"embeddable":true,"href":"https:\/\/terranerdica.com.br\/index.php\/wp-json\/wp\/v2\/media\/24354"}],"wp:attachment":[{"href":"https:\/\/terranerdica.com.br\/index.php\/wp-json\/wp\/v2\/media?parent=24350"}],"wp:term":[{"taxonomy":"category","embeddable":true,"href":"https:\/\/terranerdica.com.br\/index.php\/wp-json\/wp\/v2\/categories?post=24350"},{"taxonomy":"post_tag","embeddable":true,"href":"https:\/\/terranerdica.com.br\/index.php\/wp-json\/wp\/v2\/tags?post=24350"}],"curies":[{"name":"wp","href":"https:\/\/api.w.org\/{rel}","templated":true}]}}