{"id":24089,"date":"2024-08-21T17:23:33","date_gmt":"2024-08-21T20:23:33","guid":{"rendered":"https:\/\/terranerdica.com.br\/?p=24089"},"modified":"2024-08-21T17:23:33","modified_gmt":"2024-08-21T20:23:33","slug":"rock-in-rio-2024-musical-sonhos-lama-e-rock-and-roll-e-esquema-de-mobilidade-para-o-festival","status":"publish","type":"post","link":"https:\/\/terranerdica.com.br\/index.php\/2024\/08\/21\/rock-in-rio-2024-musical-sonhos-lama-e-rock-and-roll-e-esquema-de-mobilidade-para-o-festival\/","title":{"rendered":"Rock in Rio 2024 | Musical &#8220;Sonhos, Lama e Rock and Roll&#8221; e esquema de mobilidade para o festival"},"content":{"rendered":"<div class=\"flex max-w-full flex-col flex-grow\">\n<div class=\"min-h-[20px] text-message flex w-full flex-col items-end gap-2 break-words [.text-message+&amp;]:mt-5 overflow-x-auto whitespace-pre-wrap\" dir=\"auto\" data-message-author-role=\"assistant\" data-message-id=\"be291640-1cb3-43d7-ba1d-7ae808737b92\">\n<div class=\"flex w-full flex-col gap-1 empty:hidden first:pt-[3px]\">\n<div class=\"markdown prose w-full break-words dark:prose-invert light\">\n<p><strong>Sonhos, Lama e Rock and Roll<\/strong><\/p>\n<p>O Rock in Rio 2024 est\u00e1 em fase de ensaios para o musical &#8220;Sonhos, Lama e Rock and Roll&#8221;, que ser\u00e1 apresentado durante o festival. A pe\u00e7a conta a hist\u00f3ria de Roberto Medina e a cria\u00e7\u00e3o do festival, destacando desafios e conquistas desde o in\u00edcio, em 1984. Com um elenco de mais de 40 atores e m\u00fasicos, o musical ter\u00e1 quatro apresenta\u00e7\u00f5es di\u00e1rias na Cidade do Rock.<\/p>\n<p>Rodrigo Pandolfo interpretar\u00e1 Roberto Medina, e outros atores renomados como Malu Rodrigues e Beto Sargentelli tamb\u00e9m estar\u00e3o no elenco. O espet\u00e1culo \u00e9 uma colabora\u00e7\u00e3o de grandes nomes da cena art\u00edstica brasileira, incluindo Z\u00e9 Ricardo na dire\u00e7\u00e3o musical e Charles M\u00f6eller na dire\u00e7\u00e3o geral. A produ\u00e7\u00e3o contar\u00e1 com 240 figurinos e uma cenografia elaborada, incluindo \u00edcones como o famoso t\u00eanis enlameado de 1985.<\/p>\n<p>A trilha sonora ser\u00e1 composta por m\u00fasicas marcantes de edi\u00e7\u00f5es passadas do Rock in Rio, como &#8220;Alagados&#8221; e &#8220;Love of My Life&#8221;. O musical promete levar o p\u00fablico em uma jornada emocionante, celebrando a trajet\u00f3ria do festival que mudou o cen\u00e1rio musical e cultural do Brasil.<\/p>\n<p><strong>Esquema de mobilidade para os dias do festival<\/p>\n<p><\/strong><\/p>\n<p>O Rock in Rio 2024 oferecer\u00e1 um esquema de mobilidade especial para proporcionar maior conforto e agilidade ao p\u00fablico. O <strong>Metr\u00f4Rio operar\u00e1 24 horas<\/strong> durante os dias do festival, com embarque na esta\u00e7\u00e3o Jardim Oce\u00e2nico e desembarque em todas as outras esta\u00e7\u00f5es durante a madrugada. O <strong>BRT &#8220;Expresso Rock in Rio&#8221;<\/strong> garantir\u00e1 transporte direto e sem paradas at\u00e9 a Cidade do Rock, com sa\u00eddas de diversos pontos do Rio de Janeiro. O servi\u00e7o Primeira Classe, que transporta f\u00e3s de outros estados como S\u00e3o Paulo e Minas Gerais, tamb\u00e9m estar\u00e1 dispon\u00edvel com \u00f4nibus executivos, oferecendo uma viagem tranquila e sem paradas.<\/p>\n<p>Al\u00e9m disso, para garantir a seguran\u00e7a e organiza\u00e7\u00e3o, o BRT &#8220;Expresso Rock in Rio&#8221; dar\u00e1 pulseiras de identifica\u00e7\u00e3o para os usu\u00e1rios, permitindo controle no retorno. A tarifa do BRT ser\u00e1 de R$ 23, enquanto o Primeira Classe ter\u00e1 pre\u00e7os que variam de R$ 160 a R$ 600, dependendo do ponto de embarque. O festival tamb\u00e9m ir\u00e1 bloquear o tr\u00e2nsito nas proximidades da Cidade do Rock, com acesso permitido apenas para moradores cadastrados. O p\u00fablico \u00e9 incentivado a adquirir antecipadamente seus bilhetes de transporte.<\/p>\n<p>O festival ainda oferecer\u00e1 benef\u00edcios tur\u00edsticos para f\u00e3s de fora do Rio, com descontos em v\u00e1rias atra\u00e7\u00f5es da cidade. Al\u00e9m disso, o aplicativo oficial do Rock in Rio j\u00e1 est\u00e1 dispon\u00edvel, oferecendo informa\u00e7\u00f5es sobre programa\u00e7\u00e3o, mapa da Cidade do Rock e op\u00e7\u00f5es para organizar cronogramas. Novas funcionalidades, como compra de lockers e planos do Rock in Rio Club, ser\u00e3o lan\u00e7adas at\u00e9 o in\u00edcio do evento.<\/p>\n<p><strong>E a\u00ed, est\u00e3o ansioso? Lembrando que ainda tem ingressos \u00e0 venda.<\/p>\n<p>Acesse: <a href=\"https:\/\/rockinrio.com\/rio\/pt-br\/home\/\">https:\/\/www.rockinrio.com<\/a><br \/>\n<\/strong><\/p>\n<\/div>\n<\/div>\n<\/div>\n<\/div>\n","protected":false},"excerpt":{"rendered":"<p>Sonhos, Lama e Rock and Roll O Rock in Rio 2024 est\u00e1 em fase de ensaios para o musical &#8220;Sonhos, Lama e Rock and Roll&#8221;, que ser\u00e1 apresentado durante o festival. A pe\u00e7a conta a hist\u00f3ria de Roberto Medina e a cria\u00e7\u00e3o do festival, destacando desafios e conquistas desde o in\u00edcio, em 1984. Com um [&hellip;]<\/p>\n","protected":false},"author":24,"featured_media":24090,"comment_status":"open","ping_status":"open","sticky":false,"template":"","format":"standard","meta":{"_mi_skip_tracking":false,"_exactmetrics_sitenote_active":false,"_exactmetrics_sitenote_note":"","_exactmetrics_sitenote_category":0,"footnotes":""},"categories":[27,3331],"tags":[3384,2002,1682],"class_list":["post-24089","post","type-post","status-publish","format-standard","has-post-thumbnail","hentry","category-eventos","category-rock-in-rio","tag-mobilidade","tag-musical","tag-rock-in-rio"],"_links":{"self":[{"href":"https:\/\/terranerdica.com.br\/index.php\/wp-json\/wp\/v2\/posts\/24089"}],"collection":[{"href":"https:\/\/terranerdica.com.br\/index.php\/wp-json\/wp\/v2\/posts"}],"about":[{"href":"https:\/\/terranerdica.com.br\/index.php\/wp-json\/wp\/v2\/types\/post"}],"author":[{"embeddable":true,"href":"https:\/\/terranerdica.com.br\/index.php\/wp-json\/wp\/v2\/users\/24"}],"replies":[{"embeddable":true,"href":"https:\/\/terranerdica.com.br\/index.php\/wp-json\/wp\/v2\/comments?post=24089"}],"version-history":[{"count":1,"href":"https:\/\/terranerdica.com.br\/index.php\/wp-json\/wp\/v2\/posts\/24089\/revisions"}],"predecessor-version":[{"id":24091,"href":"https:\/\/terranerdica.com.br\/index.php\/wp-json\/wp\/v2\/posts\/24089\/revisions\/24091"}],"wp:featuredmedia":[{"embeddable":true,"href":"https:\/\/terranerdica.com.br\/index.php\/wp-json\/wp\/v2\/media\/24090"}],"wp:attachment":[{"href":"https:\/\/terranerdica.com.br\/index.php\/wp-json\/wp\/v2\/media?parent=24089"}],"wp:term":[{"taxonomy":"category","embeddable":true,"href":"https:\/\/terranerdica.com.br\/index.php\/wp-json\/wp\/v2\/categories?post=24089"},{"taxonomy":"post_tag","embeddable":true,"href":"https:\/\/terranerdica.com.br\/index.php\/wp-json\/wp\/v2\/tags?post=24089"}],"curies":[{"name":"wp","href":"https:\/\/api.w.org\/{rel}","templated":true}]}}