{"id":23563,"date":"2024-07-05T14:16:51","date_gmt":"2024-07-05T17:16:51","guid":{"rendered":"https:\/\/terranerdica.com.br\/?p=23563"},"modified":"2024-07-11T15:25:51","modified_gmt":"2024-07-11T18:25:51","slug":"musica-agora-terceiro-album-da-banda-nx-zero-ganha-lancamento-em-vinil-duplo-com-nova-mixagem","status":"publish","type":"post","link":"https:\/\/terranerdica.com.br\/index.php\/2024\/07\/05\/musica-agora-terceiro-album-da-banda-nx-zero-ganha-lancamento-em-vinil-duplo-com-nova-mixagem\/","title":{"rendered":"NZ Zero | &#8220;Agora&#8221;, terceiro \u00e1lbum da banda ganha lan\u00e7amento em vinil duplo , com nova mixagem"},"content":{"rendered":"<p>Em 5 de julho, a\u00a0<b>Universal Music<\/b>\u00a0lan\u00e7a a edi\u00e7\u00e3o especial em vinil duplo do \u00e1lbum\u00a0<i>\u201c<\/i><b><i>agora<\/i><\/b><i>\u201d,\u00a0<\/i><b><i>\u00a0<\/i><\/b>projeto que consolidou nacionalmente a carreira do\u00a0<b>NX Zero<\/b>, com as m\u00fasicas remixadas e remasterizadas, 16 anos ap\u00f3s seu\u00a0<i>d\u00e9but<\/i>\u00a0original. O \u00e1lbum est\u00e1 dispon\u00edvel\u00a0 na\u00a0<b>UMusic Store<\/b>, plataforma de e-commerce da Universal Music Brasil. Saiba mais\u00a0<b><u><a id=\"m_-5941321655162496116m_-4208730208421145452OWA02946322-8cd6-fb5f-c47b-da52ed91d489\" href=\"https:\/\/www.umusicstore.com\/\" target=\"_blank\" rel=\"noopener\" data-saferedirecturl=\"https:\/\/www.google.com\/url?q=https:\/\/www.umusicstore.com\/&amp;source=gmail&amp;ust=1720285960972000&amp;usg=AOvVaw2rBVpz_S4xsXmDFZMls3kd\">aqui<\/a><\/u><\/b>\u00a0.<\/p>\n<p>A grava\u00e7\u00e3o original de\u00a0<i>\u201cagora\u201d\u00a0<\/i>foi cuidadosamente remixada por\u00a0<b>Marcelinho Ferraz<\/b>\u00a0nos est\u00fadios Head Media, em S\u00e3o Paulo, levando em considera\u00e7\u00e3o o atual consumo de m\u00fasica atrav\u00e9s dos canais digitais. J\u00e1 a masteriza\u00e7\u00e3o ficou a cargo do premiado\u00a0<b>Carlos Freitas<\/b>, do est\u00fadio Classic Master, na Fl\u00f3rida (EUA). O \u00e1lbum, com nova mixagem, incluindo a moderna e\u00a0 imersiva experi\u00eancia em \u00e1udio espacial\u00a0<i>Dolby Atmos,<\/i>\u00a0foi lan\u00e7ado nas plataformas digitais em dezembro de 2023.<\/p>\n<p>\u201c<i>Foi incr\u00edvel fazer esse trabalho com um disco de uma banda que representa tanto para o Brasil. Revisitar as faixas, ouvir eles mais jovens, deixar os timbres mais modernos e, como processos especiais, fazer a nova mix para \u00e1udio espacial e master para o vinil. Pra mim, resgatar esse disco cl\u00e1ssico foi um trabalho superimportante<\/i>\u201d, conta\u00a0<b>Marcelinho Ferraz<\/b>.<\/p>\n<p>O \u00e1lbum<b><i>\u00a0<\/i><\/b><i>\u201cagora\u201d\u00a0<\/i>chegou em 2008 em um mercado \u00e1vido pela banda e com um NX Zero totalmente alinhado com seu p\u00fablico e suas quest\u00f5es pessoais e sociais, compreendendo profundamente uma gera\u00e7\u00e3o. Musicalmente afiados pelo peso do rock e hardcore e amparados por letras existenciais e rom\u00e2nticas, os meninos de S\u00e3o Paulo passaram como um trator abrindo todos os espa\u00e7os poss\u00edveis e imagin\u00e1veis no mercado musical na primeira d\u00e9cada dos anos dois mil.<\/p>\n<p>R\u00e1dios, programas de TV, canais de m\u00fasica, festivais e contratantes de shows de todo o Brasil queriam o NX Zero. E o disco<b><i>\u00a0<\/i><\/b>estourou nacionalmente trazendo sucessos como \u201cCedo ou Tarde\u201d, \u201cDaqui pra Frente\u201d, &#8220;Cartas pra Voc\u00ea&#8221; e \u201cBem ou Mal\u201d, vencendo tamb\u00e9m o\u00a0<b>Grammy Latino<i>\u00a0<\/i><\/b>como \u201cMelhor \u00c1lbum de Rock Brasileiro\u201d, ao lado dos Tit\u00e3s. O trabalho, considerado o mais comercial do grupo, consolidou ainda mais a carreira da banda no Brasil, que novamente faturou as principais categorias do VMB<i>\u00a0<\/i>(Artista, Clipe e Hit do Ano) e do Pr\u00eamio Multishow (\u201cMelhor Grupo\u201d e \u201cMelhor Cantor\u201d, para Di Ferrero).<\/p>\n<p>Ap\u00f3s o lan\u00e7amento do disco, a carreira do NX Zero<b>\u00a0<\/b>continuou decolando, em especial a popularidade do vocalista\u00a0<b>Di Ferrero<\/b>. A m\u00fasica &#8220;Daqui pra Frente&#8221; tornou-se tema de abertura do seriado \u201cMalha\u00e7\u00e3o\u201d<b><i>\u00a0<\/i><\/b>(TV Globo) e &#8220;Cartas pra Voc\u00ea&#8221; tamb\u00e9m foi inclu\u00edda na trilha sonora da mesma temporada, seguido pela m\u00fasica &#8220;Bem ou Mal&#8221;, no ano seguinte, 2009, tamb\u00e9m na abertura.<\/p>\n<p>\u201c<i>Este foi um dos melhores \u00e1lbuns que fiz com a banda. O repert\u00f3rio \u00e9 muito bom, tem o melhor do rock da \u00e9poca e letras muito interessantes. Nesse \u00e1lbum a banda estava tocando muito e sonoramente conseguimos tamb\u00e9m um grande resultado. O Grammy Latino acabou sendo a premia\u00e7\u00e3o desse trabalho<\/i>\u201d, lembra\u00a0<b>Rick Bonadio<\/b>.<\/p>\n<p><img loading=\"lazy\" decoding=\"async\" class=\" wp-image-23564 aligncenter\" src=\"http:\/\/terranerdica.com.br\/wp-content\/uploads\/2024\/07\/060245811880-CAPA-NX-ZERO-AGORA-scaled.jpg\" alt=\"\" width=\"639\" height=\"502\" srcset=\"https:\/\/terranerdica.com.br\/wp-content\/uploads\/2024\/07\/060245811880-CAPA-NX-ZERO-AGORA-scaled.jpg 2560w, https:\/\/terranerdica.com.br\/wp-content\/uploads\/2024\/07\/060245811880-CAPA-NX-ZERO-AGORA-300x235.jpg 300w, https:\/\/terranerdica.com.br\/wp-content\/uploads\/2024\/07\/060245811880-CAPA-NX-ZERO-AGORA-1024x804.jpg 1024w, https:\/\/terranerdica.com.br\/wp-content\/uploads\/2024\/07\/060245811880-CAPA-NX-ZERO-AGORA-768x603.jpg 768w, https:\/\/terranerdica.com.br\/wp-content\/uploads\/2024\/07\/060245811880-CAPA-NX-ZERO-AGORA-1536x1205.jpg 1536w, https:\/\/terranerdica.com.br\/wp-content\/uploads\/2024\/07\/060245811880-CAPA-NX-ZERO-AGORA-2048x1607.jpg 2048w, https:\/\/terranerdica.com.br\/wp-content\/uploads\/2024\/07\/060245811880-CAPA-NX-ZERO-AGORA-750x589.jpg 750w, https:\/\/terranerdica.com.br\/wp-content\/uploads\/2024\/07\/060245811880-CAPA-NX-ZERO-AGORA-1140x895.jpg 1140w\" sizes=\"(max-width: 639px) 100vw, 639px\" \/><\/p>\n<p>A nova edi\u00e7\u00e3o de \u201c<b>a<i>gora<\/i><\/b>\u201d, com nova mixagem e remasterizado, traz as 15 faixas originais, incluindo as participa\u00e7\u00f5es especiais do rapper\u00a0<b>T\u00falio Dek<\/b>\u00a0nas m\u00fasicas \u201cBem ou Mal\u201d e \u201cAl\u00e9m das Palavras\u201d, e das ex-integrantes da banda Rouge,\u00a0<b>Aline Wirley<\/b>\u00a0e\u00a0<b>Karin Hils<\/b>, no coro de \u201cCartas pra Voc\u00ea\u201d. Outros destaques do disco s\u00e3o a participa\u00e7\u00e3o, pela primeira vez, de uma\u00a0<b>orquestra\u00a0<\/b>(na m\u00fasica &#8220;Cedo ou Tarde&#8221;), a releitura do sucesso &#8220;Apenas Mais Uma de Amor&#8221;, de\u00a0<b>Lulu Santos<\/b>, e a grava\u00e7\u00e3o da faixa \u201cSil\u00eancio\u201d, composta pelos integrantes da banda\u00a0<b>Fresno<\/b>.<\/p>\n<p>Em 2023, ap\u00f3s seis anos de hiato, a banda fez a bem sucedida turn\u00ea \u201c<i>Cedo ou Tarde\u201d<\/i>\u00a0e ganhou mais vigor e for\u00e7a em 2024, quando\u00a0<b>Di Ferrero\u00a0<\/b>(vocal),\u00a0<b>Gee Rocha\u00a0<\/b>(guitarra e viol\u00e3o),\u00a0<b>Fi Ricardo<\/b>\u00a0(guitarra),\u00a0<b>Caco Grandino<\/b>\u00a0(baixo) e\u00a0<b>Daniel Weksler<\/b>\u00a0(bateria) completam 20 anos de carreira fonogr\u00e1fica.<\/p>\n<p>&nbsp;<\/p>\n<div align=\"center\">\n<hr align=\"center\" \/>\n<\/div>\n<p>&nbsp;<\/p>\n<p><b><u>FICHA T\u00c9CNICA \u201c<\/u><i><u>AGORA<\/u><\/i><u>\u201d &#8211; NOVA MIXAGEM E MASTERIZA\u00c7\u00c3O:<\/u><\/b><\/p>\n<p><b>Mixagem:<\/b>\u00a0Marcelinho Ferraz (Est\u00fadios Head Media)<\/p>\n<p><b>Assistente de Mixagem e Produ\u00e7\u00e3o:<\/b>\u00a0Gabriel Reis<\/p>\n<p><b>Master:<\/b>\u00a0Carlos Freitas (Est\u00fadios Classic Master)<\/p>\n<p><b>Masteriza\u00e7\u00e3o em Vinil:\u00a0<\/b>Carlos Freitas (Est\u00fadios Classic Master)<\/p>\n<p><b><u>\u00a0<\/u><\/b><\/p>\n<p><b><u>Faixas do \u00e1lbum\u00a0<\/u><i><u>\u201cAGORA<\/u>\u201d:<\/i><\/b><\/p>\n<p><b>LP 1 &#8211; Lado A:<\/b><\/p>\n<p>\u201cCedo ou Tarde\u201d (Di Ferrero \/ Gee Rocha)<\/p>\n<p>\u201cDaqui Pra Frente\u201d (Di Ferrero \/ Gee Rocha)<\/p>\n<p>\u201cEntre N\u00f3s Dois\u201d (Di Ferrero \/ Gee Rocha)<\/p>\n<p>\u201cSegunda Chance\u201d (Di Ferrero \/ Gee Rocha \/ Fi Ricardo)<\/p>\n<p><b>LP 1 &#8211; Lado B:<\/b><\/p>\n<p>\u201cBem ou Mal\u201d (Di Ferrero \/ Gee Rocha \/ T\u00falio Dek) \u2013 Part. especial\u00a0<b>T\u00falio Dek<\/b><\/p>\n<p>\u201cAl\u00e9m das Palavras\u201d (Di Ferrero \/ Gee Rocha \/ T\u00falio Dek \/ Fi Ricardo \/ Caco Grandino \/ Dani Weksler) &#8211; Part. especial\u00a0<b>T\u00falio Dek<\/b><\/p>\n<p>\u201cSil\u00eancio\u201d (Beeshop \/ Esteban)<\/p>\n<p>\u201cCartas Pra Voc\u00ea\u201d (Di Ferrero \/ Gee Rocha) Part. especiais\u00a0<b>Aline Wirley<\/b>\u00a0e\u00a0<b>Karin Hils<\/b><\/p>\n<p><b>LP2 &#8211; Lado A:<\/b><\/p>\n<p>\u201cTudo Bem\u201d (Di Ferrero \/ Gee Rocha)<\/p>\n<p>\u201cNunca Mais\u201d (Di Ferrero \/ Gee Rocha)<\/p>\n<p>\u201cA Melhor Parte de Mim\u201d (Di Ferrero \/ Gee Rocha)<\/p>\n<p>\u201cInimigo Invis\u00edvel\u201d (Di Ferrero \/ Gee Rocha)<\/p>\n<p><b>LP2 &#8211; Lado B:<\/b><\/p>\n<p>\u201cO Destino\u201d (Di Ferrero \/ Gee Rocha)<\/p>\n<p>\u201cDiferen\u00e7as\u201d (Di Ferrero \/ Gee Rocha \/ Fi Ricardo \/ Caco Grandino)<\/p>\n<p>\u201cApenas Mais Uma de Amor\u201d (Lulu Santos)<\/p>\n<p>&nbsp;<\/p>\n<p><b><u>Forma\u00e7\u00e3o banda NX Zero:<\/u><\/b><\/p>\n<p><b>Di Ferrero:\u00a0<\/b>vocal<\/p>\n<p><b>Gee Rocha:<\/b>\u00a0guitarra, viol\u00e3o e vocal de apoio<\/p>\n<p><b>Fi Ricardo:<\/b>\u00a0guitarra<\/p>\n<p><b>Caco Grandino:\u00a0<\/b>baixo<\/p>\n<p><b>Daniel Weksler:<\/b>\u00a0bateria<\/p>\n","protected":false},"excerpt":{"rendered":"<p>Em 5 de julho, a\u00a0Universal Music\u00a0lan\u00e7a a edi\u00e7\u00e3o especial em vinil duplo do \u00e1lbum\u00a0\u201cagora\u201d,\u00a0\u00a0projeto que consolidou nacionalmente a carreira do\u00a0NX Zero, com as m\u00fasicas remixadas e remasterizadas, 16 anos ap\u00f3s seu\u00a0d\u00e9but\u00a0original. O \u00e1lbum est\u00e1 dispon\u00edvel\u00a0 na\u00a0UMusic Store, plataforma de e-commerce da Universal Music Brasil. Saiba mais\u00a0aqui\u00a0. A grava\u00e7\u00e3o original de\u00a0\u201cagora\u201d\u00a0foi cuidadosamente remixada por\u00a0Marcelinho Ferraz\u00a0nos est\u00fadios [&hellip;]<\/p>\n","protected":false},"author":4,"featured_media":23565,"comment_status":"open","ping_status":"open","sticky":false,"template":"","format":"standard","meta":{"_mi_skip_tracking":false,"_exactmetrics_sitenote_active":false,"_exactmetrics_sitenote_note":"","_exactmetrics_sitenote_category":0,"footnotes":""},"categories":[1],"tags":[3310,2552,3309,3308,3311],"class_list":["post-23563","post","type-post","status-publish","format-standard","has-post-thumbnail","hentry","category-sem-categoria","tag-agora","tag-nx-zero","tag-umusic","tag-umusic-store","tag-universal-music"],"_links":{"self":[{"href":"https:\/\/terranerdica.com.br\/index.php\/wp-json\/wp\/v2\/posts\/23563"}],"collection":[{"href":"https:\/\/terranerdica.com.br\/index.php\/wp-json\/wp\/v2\/posts"}],"about":[{"href":"https:\/\/terranerdica.com.br\/index.php\/wp-json\/wp\/v2\/types\/post"}],"author":[{"embeddable":true,"href":"https:\/\/terranerdica.com.br\/index.php\/wp-json\/wp\/v2\/users\/4"}],"replies":[{"embeddable":true,"href":"https:\/\/terranerdica.com.br\/index.php\/wp-json\/wp\/v2\/comments?post=23563"}],"version-history":[{"count":2,"href":"https:\/\/terranerdica.com.br\/index.php\/wp-json\/wp\/v2\/posts\/23563\/revisions"}],"predecessor-version":[{"id":23644,"href":"https:\/\/terranerdica.com.br\/index.php\/wp-json\/wp\/v2\/posts\/23563\/revisions\/23644"}],"wp:featuredmedia":[{"embeddable":true,"href":"https:\/\/terranerdica.com.br\/index.php\/wp-json\/wp\/v2\/media\/23565"}],"wp:attachment":[{"href":"https:\/\/terranerdica.com.br\/index.php\/wp-json\/wp\/v2\/media?parent=23563"}],"wp:term":[{"taxonomy":"category","embeddable":true,"href":"https:\/\/terranerdica.com.br\/index.php\/wp-json\/wp\/v2\/categories?post=23563"},{"taxonomy":"post_tag","embeddable":true,"href":"https:\/\/terranerdica.com.br\/index.php\/wp-json\/wp\/v2\/tags?post=23563"}],"curies":[{"name":"wp","href":"https:\/\/api.w.org\/{rel}","templated":true}]}}