{"id":22403,"date":"2023-11-24T12:31:31","date_gmt":"2023-11-24T15:31:31","guid":{"rendered":"http:\/\/terranerdica.com.br\/?p=22403"},"modified":"2023-12-05T11:16:12","modified_gmt":"2023-12-05T14:16:12","slug":"o-lado-b-de-durval-discos-filme-de-anna-muylaert-e-relancado-nos-cinemas","status":"publish","type":"post","link":"https:\/\/terranerdica.com.br\/index.php\/2023\/11\/24\/o-lado-b-de-durval-discos-filme-de-anna-muylaert-e-relancado-nos-cinemas\/","title":{"rendered":"O Lado B de \u2018Durval Discos\u2019 | Filme de Anna Muylaert \u00e9 relan\u00e7ado nos cinemas!"},"content":{"rendered":"\r\n<p>Durval Discos \u00e9 um filme de 2003 dirigido pela grandiosa Anna Muylaert! O filme ganhou diversos pr\u00eamios e tem uma trilha sonora de tirar o f\u00f4lego.<\/p>\r\n\r\n\r\n\r\n<p>Durval (Ary Franco) mora com sua m\u00e3e Dona Carmita (Etty Fraser) e possui na frente da sua casa uma loja de discos. \u201cS\u00f3 trabalho com LP!\u201d, ele diz toda vez que algu\u00e9m pergunta se ele vende tamb\u00e9m CD. A vida dos dois muda completamente quando eles decidem contratar uma pessoa para ajudar na casa. C\u00e9lia (Let\u00edcia Sabatella) \u00e9 muito elogiada pela fam\u00edlia quando \u00e9 contratada por seus dotes culin\u00e1rios. Por\u00e9m um dia se atrasa para come\u00e7ar o trabalho e quando v\u00e3o procur\u00e1-la no quarto dos fundos, encontram a simp\u00e1tica Kiki que diz que sua m\u00e3e foi viajar. A casa vira de cabe\u00e7a pra baixo com a chegada da menina. E isso \u00e9 s\u00f3 o come\u00e7o da hist\u00f3ria.<\/p>\r\n\r\n\r\n\r\n<p>Esse filme \u00e9 daqueles que voc\u00ea n\u00e3o espera o que vai acontecer, o Lado A \u00e9 completamente diferente do Lado B. A primeira vez que eu o assisti, n\u00e3o tem tanto tempo assim, quase tive uma crise de ansiedade ao me envolver com a hist\u00f3ria que se desenrola. Acho que todo mundo teria um ataque de nervos, tal qual Durval tem ao lidar com as atitudes question\u00e1veis de Dona Carmita.<\/p>\r\n\r\n\r\n\r\n<p><strong>SESS\u00c3O VITRINE PETROBRAS<\/strong><\/p>\r\n\r\n\r\n\r\n<p>A Sess\u00e3o Vitrine da Petrobras nos convidou para a Pr\u00e9 Estreia do relan\u00e7amento do filme no Rio de Janeiro. O filme foi digitalizado a partir dos rolos originais para 4K. Sara Silveira, produtora do filme, nos contou algumas hist\u00f3rias sobre como foi a aventura de produzir esse filme. A produtora disse que desde o in\u00edcio se preocupou com a quantidade de m\u00fasicas que o filme teria. \u201cHoje em dia seria imposs\u00edvel fazer um filme com essa quantidade de m\u00fasicas conhecidas, seria muito caro!\u201d Ela falou tamb\u00e9m sobre a dificuldade de filmar o plano sequ\u00eancia dos cr\u00e9ditos iniciais. Essa abertura \u00e9 uma obra de arte, umas das cenas mais bem feitas do cinema nacional. O filme quase que valeria s\u00f3 por isso.<\/p>\r\n\r\n\r\n\r\n<p><strong>ALERTA DE SPOILERS<\/strong><\/p>\r\n\r\n\r\n\r\n<p>\u201cE o cavalo??\u201d Como \u00e9 que faz quando a diretora pede um cavalo em cena. Sara diz que Cigano (nome do cavalo) virou amigo da produ\u00e7\u00e3o. Filmar a cena da charrete foi super arriscado. E fazer o cavalo ir para o segundo andar da casa tamb\u00e9m! \u201cTivemos que construir uma rampa em uma das casas atr\u00e1s que seria tamb\u00e9m demolida, at\u00e9 tentamos fazer o cavalo subir a escada, ele quase aprendeu!\u201d. A frase mais repetida foi \u201cMas cavalo n\u00e3o sobe escadas!\u201d. <br \/><br \/><strong>FIM DOS SPOILERS<\/strong><\/p>\r\n\r\n\r\n\r\n<p>Eu recomendo esse filme \u00e0 todos que gostam do cinema nacional e tamb\u00e9m \u00e0 todos que n\u00e3o gostam, pois com certeza passar\u00e3o a gostar depois de assistir Durval Discos. Esse filme tem a produ\u00e7\u00e3o e o roteiro impec\u00e1veis! N\u00e3o d\u00e1 pra esperar tudo que acontece e isso \u00e9 maravilhoso\u2026 Viva o cinema nacional! Valorizem os filmes brasileiros!<\/p>\r\n","protected":false},"excerpt":{"rendered":"<p>Durval Discos \u00e9 um filme de 2003 dirigido pela grandiosa Anna Muylaert! O filme ganhou diversos pr\u00eamios e tem uma trilha sonora de tirar o f\u00f4lego. Durval (Ary Franco) mora com sua m\u00e3e Dona Carmita (Etty Fraser) e possui na frente da sua casa uma loja de discos. \u201cS\u00f3 trabalho com LP!\u201d, ele diz toda [&hellip;]<\/p>\n","protected":false},"author":24,"featured_media":22409,"comment_status":"open","ping_status":"open","sticky":false,"template":"","format":"standard","meta":{"_mi_skip_tracking":false,"_exactmetrics_sitenote_active":false,"_exactmetrics_sitenote_note":"","_exactmetrics_sitenote_category":0,"footnotes":""},"categories":[29],"tags":[3087],"class_list":["post-22403","post","type-post","status-publish","format-standard","has-post-thumbnail","hentry","category-filmes","tag-durvaldiscos"],"_links":{"self":[{"href":"https:\/\/terranerdica.com.br\/index.php\/wp-json\/wp\/v2\/posts\/22403"}],"collection":[{"href":"https:\/\/terranerdica.com.br\/index.php\/wp-json\/wp\/v2\/posts"}],"about":[{"href":"https:\/\/terranerdica.com.br\/index.php\/wp-json\/wp\/v2\/types\/post"}],"author":[{"embeddable":true,"href":"https:\/\/terranerdica.com.br\/index.php\/wp-json\/wp\/v2\/users\/24"}],"replies":[{"embeddable":true,"href":"https:\/\/terranerdica.com.br\/index.php\/wp-json\/wp\/v2\/comments?post=22403"}],"version-history":[{"count":3,"href":"https:\/\/terranerdica.com.br\/index.php\/wp-json\/wp\/v2\/posts\/22403\/revisions"}],"predecessor-version":[{"id":22410,"href":"https:\/\/terranerdica.com.br\/index.php\/wp-json\/wp\/v2\/posts\/22403\/revisions\/22410"}],"wp:featuredmedia":[{"embeddable":true,"href":"https:\/\/terranerdica.com.br\/index.php\/wp-json\/wp\/v2\/media\/22409"}],"wp:attachment":[{"href":"https:\/\/terranerdica.com.br\/index.php\/wp-json\/wp\/v2\/media?parent=22403"}],"wp:term":[{"taxonomy":"category","embeddable":true,"href":"https:\/\/terranerdica.com.br\/index.php\/wp-json\/wp\/v2\/categories?post=22403"},{"taxonomy":"post_tag","embeddable":true,"href":"https:\/\/terranerdica.com.br\/index.php\/wp-json\/wp\/v2\/tags?post=22403"}],"curies":[{"name":"wp","href":"https:\/\/api.w.org\/{rel}","templated":true}]}}