{"id":19797,"date":"2023-02-18T15:32:10","date_gmt":"2023-02-18T18:32:10","guid":{"rendered":"http:\/\/terranerdica.com.br\/?p=19797"},"modified":"2023-02-18T15:33:28","modified_gmt":"2023-02-18T18:33:28","slug":"terra-nerdica-e-parceira-do-bloco-marcha-nerd-saiba-mais-sobre-o-concurso-de-cosplay","status":"publish","type":"post","link":"https:\/\/terranerdica.com.br\/index.php\/2023\/02\/18\/terra-nerdica-e-parceira-do-bloco-marcha-nerd-saiba-mais-sobre-o-concurso-de-cosplay\/","title":{"rendered":"Terra N\u00e9rdica \u00e9 parceira do bloco Marcha Nerd &#8211; Saiba mais sobre o concurso de cosplay!"},"content":{"rendered":"\n<p>Esse ano o bloco Marcha Nerd faz 10 anos de hist\u00f3ria! Desde 2020 que o bloco n\u00e3o acontece mais por causa das restri\u00e7\u00f5es na pandemia e&#8230; ESSE ANO VAI TER CARNAVAL!<br><br>E \u00e9 claro que a Terra N\u00e9rdica vai estar no melhor bloco do Rio de Janeiro! Um bloco que a gente j\u00e1 adora e esse anos estaremos cobrindo OFICIALMENTE mostrando tudo que vai acontecer! <\/p>\n\n\n\n<p>Convidamos todos os nerds e otakus de plant\u00e3o para ouvir as m\u00fasicas das aberturas dos animes que a gente ama e dos filmes que a gente adora no ritmo de marchinha de carnaval. Fa\u00e7a seu cosplay e aproveite o carnaval da melhor forma.<\/p>\n\n\n<div class=\"wp-block-image\">\n<figure class=\"aligncenter size-full\"><img loading=\"lazy\" decoding=\"async\" width=\"554\" height=\"554\" src=\"http:\/\/terranerdica.com.br\/wp-content\/uploads\/2023\/02\/image-12.png\" alt=\"\" class=\"wp-image-19798\" srcset=\"https:\/\/terranerdica.com.br\/wp-content\/uploads\/2023\/02\/image-12.png 554w, https:\/\/terranerdica.com.br\/wp-content\/uploads\/2023\/02\/image-12-300x300.png 300w, https:\/\/terranerdica.com.br\/wp-content\/uploads\/2023\/02\/image-12-150x150.png 150w, https:\/\/terranerdica.com.br\/wp-content\/uploads\/2023\/02\/image-12-75x75.png 75w\" sizes=\"(max-width: 554px) 100vw, 554px\" \/><\/figure><\/div>\n\n\n<p class=\"has-text-align-center\"><strong>ESSE ANO TER\u00c1 O MAIOR ENCONTRO DE MIRANHAS DO CARNAVAL!<\/strong><\/p>\n\n\n\n<p>Uma novidade \u00e9 o concurso de cosplay que esse ano premiar\u00e1 junto com a <strong><em>Sony Brasil<\/em><\/strong> o melhor cosplay de <strong>HOMEM-ARANHA<\/strong> que ganhar\u00e1 ingressos para o filme <em>Homem-Aranha: Atrav\u00e9s do Aranha Verso<\/em>! Seu cosplay pode ser de Homem-Aranha, de Miles, de Gwen, de qualquer personagem que voc\u00ea queria do universo do Aranha.<br><br>O bloco acontece na Pra\u00e7a Xavier Brito (Pra\u00e7a dos Cavalinhos), bairro Tijuca no dia 19 de fevereiro. <br>N\u00e3o vai perder, n\u00e3o \u00e9?<\/p>\n\n\n\n<p>Veja o an\u00fancio oficial da nossa parceria no instagram: <a href=\"https:\/\/www.instagram.com\/terranerdica\/\">Terra N\u00e9rdica (@terranerdica) \u2022 Fotos e v\u00eddeos do Instagram<\/a><\/p>\n\n\n\n<p>Confira mais informa\u00e7\u00f5es sobre o bloco em <a href=\"https:\/\/www.instagram.com\/blocomarchanerd\/\">Bloco Marcha Nerd (@blocomarchanerd) \u2022 Fotos e v\u00eddeos do Instagram<\/a><\/p>\n","protected":false},"excerpt":{"rendered":"<p>Esse ano o bloco Marcha Nerd faz 10 anos de hist\u00f3ria! Desde 2020 que o bloco n\u00e3o acontece mais por causa das restri\u00e7\u00f5es na pandemia e&#8230; ESSE ANO VAI TER CARNAVAL! E \u00e9 claro que a Terra N\u00e9rdica vai estar no melhor bloco do Rio de Janeiro! Um bloco que a gente j\u00e1 adora e [&hellip;]<\/p>\n","protected":false},"author":24,"featured_media":19799,"comment_status":"open","ping_status":"open","sticky":false,"template":"","format":"standard","meta":{"_mi_skip_tracking":false,"_exactmetrics_sitenote_active":false,"_exactmetrics_sitenote_note":"","_exactmetrics_sitenote_category":0,"footnotes":""},"categories":[27],"tags":[1089,2595,2596],"class_list":["post-19797","post","type-post","status-publish","format-standard","has-post-thumbnail","hentry","category-eventos","tag-aranhaverso","tag-marcha-nerd","tag-sony-brasil"],"_links":{"self":[{"href":"https:\/\/terranerdica.com.br\/index.php\/wp-json\/wp\/v2\/posts\/19797"}],"collection":[{"href":"https:\/\/terranerdica.com.br\/index.php\/wp-json\/wp\/v2\/posts"}],"about":[{"href":"https:\/\/terranerdica.com.br\/index.php\/wp-json\/wp\/v2\/types\/post"}],"author":[{"embeddable":true,"href":"https:\/\/terranerdica.com.br\/index.php\/wp-json\/wp\/v2\/users\/24"}],"replies":[{"embeddable":true,"href":"https:\/\/terranerdica.com.br\/index.php\/wp-json\/wp\/v2\/comments?post=19797"}],"version-history":[{"count":3,"href":"https:\/\/terranerdica.com.br\/index.php\/wp-json\/wp\/v2\/posts\/19797\/revisions"}],"predecessor-version":[{"id":19803,"href":"https:\/\/terranerdica.com.br\/index.php\/wp-json\/wp\/v2\/posts\/19797\/revisions\/19803"}],"wp:featuredmedia":[{"embeddable":true,"href":"https:\/\/terranerdica.com.br\/index.php\/wp-json\/wp\/v2\/media\/19799"}],"wp:attachment":[{"href":"https:\/\/terranerdica.com.br\/index.php\/wp-json\/wp\/v2\/media?parent=19797"}],"wp:term":[{"taxonomy":"category","embeddable":true,"href":"https:\/\/terranerdica.com.br\/index.php\/wp-json\/wp\/v2\/categories?post=19797"},{"taxonomy":"post_tag","embeddable":true,"href":"https:\/\/terranerdica.com.br\/index.php\/wp-json\/wp\/v2\/tags?post=19797"}],"curies":[{"name":"wp","href":"https:\/\/api.w.org\/{rel}","templated":true}]}}