{"id":19421,"date":"2023-01-12T22:57:09","date_gmt":"2023-01-13T01:57:09","guid":{"rendered":"http:\/\/terranerdica.com.br\/?p=19421"},"modified":"2023-01-21T13:43:55","modified_gmt":"2023-01-21T16:43:55","slug":"foo-fighters-estara-no-the-town","status":"publish","type":"post","link":"https:\/\/terranerdica.com.br\/index.php\/2023\/01\/12\/foo-fighters-estara-no-the-town\/","title":{"rendered":"The Town | Foo Fighters \u00e9 a primeira banda internacional confirmada no festival"},"content":{"rendered":"\n<p>A banda internacional Foo Fighters foi anunciada agora pouco como headline do dia 9 de setembro no Festival The Town. Eles s\u00e3o a primeira banda internacional confirmada.<\/p>\n\n\n\n<p>Foo Fighters j\u00e1 esteve no Rock in Rio de 2001 e 2019. Ou seja, o \u00faltimo show deles foi a quatro anos atr\u00e1s.<\/p>\n\n\n\n<p>Ano passado, Foo Fighters era headline tamb\u00e9m do \u00faltimo dia do Loolapalooza 2022. Dois dias antes o baterista Taylor Hawkins morreu e a banda cancelou o show que seria em S\u00e3o Paulo.<\/p>\n\n\n\n<p>Muitas homenagens at\u00e9 ent\u00e3o j\u00e1 foram feitas para o baterista, inclusive um v\u00eddeo viralizou foi quando chamaram filho do ex-baterista para tocar no palco e ele deu um show! <\/p>\n\n\n\n<p> The Town foi anunciado ano passado durante o no Rock In Rio 2022. Ser\u00e1 a primeira edi\u00e7\u00e3o que acontecer\u00e1 na cidade de S\u00e3o Paulo. O festival acontecer\u00e1 nos dias 2 e 10 de dezembro. A organiza\u00e7\u00e3o promete muitas atra\u00e7\u00f5es nacionais e internacionais. Outros nomes j\u00e1 anunciados s\u00e3o: Ludmilla, Iza e Criolo.<\/p>\n\n\n\n<p>E a\u00ed, ansiosos??<br><\/p>\n\n\n\n<p>Para mais informa\u00e7\u00f5es sobre o The Town: https:\/\/thetown.com.br\/pt\/<\/p>\n","protected":false},"excerpt":{"rendered":"<p>A banda internacional Foo Fighters foi anunciada agora pouco como headline do dia 9 de setembro no Festival The Town. Eles s\u00e3o a primeira banda internacional confirmada. Foo Fighters j\u00e1 esteve no Rock in Rio de 2001 e 2019. Ou seja, o \u00faltimo show deles foi a quatro anos atr\u00e1s. Ano passado, Foo Fighters era [&hellip;]<\/p>\n","protected":false},"author":24,"featured_media":19422,"comment_status":"open","ping_status":"open","sticky":false,"template":"","format":"standard","meta":{"_mi_skip_tracking":false,"_exactmetrics_sitenote_active":false,"_exactmetrics_sitenote_note":"","_exactmetrics_sitenote_category":0,"footnotes":""},"categories":[1],"tags":[1682,2512],"class_list":["post-19421","post","type-post","status-publish","format-standard","has-post-thumbnail","hentry","category-sem-categoria","tag-rock-in-rio","tag-the-town"],"_links":{"self":[{"href":"https:\/\/terranerdica.com.br\/index.php\/wp-json\/wp\/v2\/posts\/19421"}],"collection":[{"href":"https:\/\/terranerdica.com.br\/index.php\/wp-json\/wp\/v2\/posts"}],"about":[{"href":"https:\/\/terranerdica.com.br\/index.php\/wp-json\/wp\/v2\/types\/post"}],"author":[{"embeddable":true,"href":"https:\/\/terranerdica.com.br\/index.php\/wp-json\/wp\/v2\/users\/24"}],"replies":[{"embeddable":true,"href":"https:\/\/terranerdica.com.br\/index.php\/wp-json\/wp\/v2\/comments?post=19421"}],"version-history":[{"count":4,"href":"https:\/\/terranerdica.com.br\/index.php\/wp-json\/wp\/v2\/posts\/19421\/revisions"}],"predecessor-version":[{"id":19533,"href":"https:\/\/terranerdica.com.br\/index.php\/wp-json\/wp\/v2\/posts\/19421\/revisions\/19533"}],"wp:featuredmedia":[{"embeddable":true,"href":"https:\/\/terranerdica.com.br\/index.php\/wp-json\/wp\/v2\/media\/19422"}],"wp:attachment":[{"href":"https:\/\/terranerdica.com.br\/index.php\/wp-json\/wp\/v2\/media?parent=19421"}],"wp:term":[{"taxonomy":"category","embeddable":true,"href":"https:\/\/terranerdica.com.br\/index.php\/wp-json\/wp\/v2\/categories?post=19421"},{"taxonomy":"post_tag","embeddable":true,"href":"https:\/\/terranerdica.com.br\/index.php\/wp-json\/wp\/v2\/tags?post=19421"}],"curies":[{"name":"wp","href":"https:\/\/api.w.org\/{rel}","templated":true}]}}