{"id":19163,"date":"2022-12-09T21:00:38","date_gmt":"2022-12-10T00:00:38","guid":{"rendered":"http:\/\/terranerdica.com.br\/?p=19163"},"modified":"2022-12-09T21:00:38","modified_gmt":"2022-12-10T00:00:38","slug":"critica-ela-disse-o-silencio-ensurdecedor-por-tras-das-historias-de-assedio","status":"publish","type":"post","link":"https:\/\/terranerdica.com.br\/index.php\/2022\/12\/09\/critica-ela-disse-o-silencio-ensurdecedor-por-tras-das-historias-de-assedio\/","title":{"rendered":"Cr\u00edtica | Ela Disse, o sil\u00eancio ensurdecedor por tr\u00e1s das hist\u00f3rias de ass\u00e9dio"},"content":{"rendered":"\n<blockquote class=\"wp-block-quote is-layout-flow wp-block-quote-is-layout-flow\">\n<p>Escrito por Rebecca Lenkiewicz e dirigido por Maria Schrader, esse filme mostra o esfor\u00e7o coletivo de jornalistas para trazer \u00e0 tona esc\u00e2ndalos de ass\u00e9dio sexual na ind\u00fastria cinematogr\u00e1fica<\/p>\n<\/blockquote>\n\n\n\n<p>Inspirado em casos reais que aconteceram recentemente, a hist\u00f3ria acompanha duas jornalistas (interpretadas por Carey Mulligan e Zoe Kazan) em sua jornada para convencer as v\u00edtimas a darem seus depoimentos e, assim, expor os agressores. Entretanto, esse processo n\u00e3o \u00e9 de maneira alguma simples, uma vez que se evidencia ao decorrer do filme a exist\u00eancia de uma organiza\u00e7\u00e3o sist\u00eamica no intuito de ocultar esses casos e silenciar as mulheres. Em virtude disso, acompanhamos a demorada investiga\u00e7\u00e3o que, invariavelmente, exerce influ\u00eancia no andamento da narrativa e aparenta, por certas vezes, n\u00e3o ter fim.<\/p>\n\n\n\n<p>\u00c9 justific\u00e1vel, por sua vez, a hist\u00f3ria ser mais lenta pois reflete o \u00e1rduo processo de enfrentar um sistema consolidado, talvez por causa disso eu e mais alguns estejamos dispostos a relevar essa caracter\u00edstica que poderia, em outras circunst\u00e2ncias, ser considerada um empecilho. Sob essa \u00f3tica, a ess\u00eancia narrativa mais uma vez eclipsa os eventuais problemas da obra por abordar justamente a tem\u00e1tica do silenciamento. Em s\u00edntese, conclui-se que \u00e9 imprescind\u00edvel levar esses acontecimentos ao imagin\u00e1rio coletivo porque \u00e9 necess\u00e1rio discutir o ass\u00e9dio para que seja poss\u00edvel, dessa forma, combat\u00ea-lo.<\/p>\n\n\n\n<p>Sobre o filme em si, acredito que \u00e9 pertinente mencionar a \u2013 esperada \u2013 contribui\u00e7\u00e3o feminina em sua realiza\u00e7\u00e3o, eu particularmente n\u00e3o me lembro de ver um projeto audiovisual com uma diretora (Maria Schrader), escritora (Rebecca Lenkiewicz) e diretora de fotografia (Natasha Braier) mulheres, mas isso pode ser uma insipi\u00eancia de repert\u00f3rio da minha parte. Al\u00e9m disso, a utiliza\u00e7\u00e3o de \u00e1udios reais da investiga\u00e7\u00e3o \u00e9 interessant\u00edssima por alguns motivos, n\u00e3o somente por dar um qu\u00ea de realismo \u00e0 obra, mas tamb\u00e9m por evocar a presen\u00e7a simb\u00f3lica dos abusadores, sem contar a ironia da voz deles (agressores) se fazer presente enquanto a delas (agredidas) tende a ser, novamente, silenciada.<\/p>\n\n\n\n<p>O sil\u00eancio ensurdecedor que orbita essa doen\u00e7a sist\u00eamica pautada em uma rela\u00e7\u00e3o assim\u00e9trica de poder e o subsequente descr\u00e9dito da v\u00edtima \u2013 em muitas ocasi\u00f5es, por parte dos pr\u00f3prios ve\u00edculos midi\u00e1ticos \u2013 \u00e9 isso que esse filme se prop\u00f5e a discutir, os pilares da probl\u00e9matica que permanecem ocultos, o senso de impunidade dos poderosos, a indiferen\u00e7a da maioria e, acima de tudo, o trabalhoso processo de organiza\u00e7\u00e3o para enfrentar um sistema desigual. Uma hist\u00f3ria que precisa ser contada, sobre um tema que precisa ser debatido, espero que tanto os homens quantos as mulheres ou\u00e7am o que ela tem a dizer.<\/p>\n\n\n\n<figure class=\"wp-block-image size-full\"><img loading=\"lazy\" decoding=\"async\" width=\"300\" height=\"53\" src=\"http:\/\/terranerdica.com.br\/wp-content\/uploads\/2022\/11\/nota-4.png\" alt=\"\" class=\"wp-image-19044\" \/><figcaption class=\"wp-element-caption\">Nota: 4,0 (bom)<\/figcaption><\/figure>\n","protected":false},"excerpt":{"rendered":"<p>Escrito por Rebecca Lenkiewicz e dirigido por Maria Schrader, esse filme mostra o esfor\u00e7o coletivo de jornalistas para trazer \u00e0 tona esc\u00e2ndalos de ass\u00e9dio sexual na ind\u00fastria cinematogr\u00e1fica Inspirado em casos reais que aconteceram recentemente, a hist\u00f3ria acompanha duas jornalistas (interpretadas por Carey Mulligan e Zoe Kazan) em sua jornada para convencer as v\u00edtimas a [&hellip;]<\/p>\n","protected":false},"author":1261,"featured_media":19164,"comment_status":"open","ping_status":"open","sticky":false,"template":"","format":"standard","meta":{"_mi_skip_tracking":false,"_exactmetrics_sitenote_active":false,"_exactmetrics_sitenote_note":"","_exactmetrics_sitenote_category":0,"footnotes":""},"categories":[29],"tags":[142,216,2481],"class_list":["post-19163","post","type-post","status-publish","format-standard","has-post-thumbnail","hentry","category-filmes","tag-critica","tag-filme","tag-jornalismo"],"_links":{"self":[{"href":"https:\/\/terranerdica.com.br\/index.php\/wp-json\/wp\/v2\/posts\/19163"}],"collection":[{"href":"https:\/\/terranerdica.com.br\/index.php\/wp-json\/wp\/v2\/posts"}],"about":[{"href":"https:\/\/terranerdica.com.br\/index.php\/wp-json\/wp\/v2\/types\/post"}],"author":[{"embeddable":true,"href":"https:\/\/terranerdica.com.br\/index.php\/wp-json\/wp\/v2\/users\/1261"}],"replies":[{"embeddable":true,"href":"https:\/\/terranerdica.com.br\/index.php\/wp-json\/wp\/v2\/comments?post=19163"}],"version-history":[{"count":16,"href":"https:\/\/terranerdica.com.br\/index.php\/wp-json\/wp\/v2\/posts\/19163\/revisions"}],"predecessor-version":[{"id":19200,"href":"https:\/\/terranerdica.com.br\/index.php\/wp-json\/wp\/v2\/posts\/19163\/revisions\/19200"}],"wp:featuredmedia":[{"embeddable":true,"href":"https:\/\/terranerdica.com.br\/index.php\/wp-json\/wp\/v2\/media\/19164"}],"wp:attachment":[{"href":"https:\/\/terranerdica.com.br\/index.php\/wp-json\/wp\/v2\/media?parent=19163"}],"wp:term":[{"taxonomy":"category","embeddable":true,"href":"https:\/\/terranerdica.com.br\/index.php\/wp-json\/wp\/v2\/categories?post=19163"},{"taxonomy":"post_tag","embeddable":true,"href":"https:\/\/terranerdica.com.br\/index.php\/wp-json\/wp\/v2\/tags?post=19163"}],"curies":[{"name":"wp","href":"https:\/\/api.w.org\/{rel}","templated":true}]}}