{"id":17851,"date":"2022-10-11T21:44:17","date_gmt":"2022-10-12T00:44:17","guid":{"rendered":"http:\/\/terranerdica.com.br\/?p=17851"},"modified":"2022-10-27T09:54:03","modified_gmt":"2022-10-27T12:54:03","slug":"grupo-de-k-pop-dkb-fez-seu-primeiro-show-no-brasil","status":"publish","type":"post","link":"https:\/\/terranerdica.com.br\/index.php\/2022\/10\/11\/grupo-de-k-pop-dkb-fez-seu-primeiro-show-no-brasil\/","title":{"rendered":"Grupo de k-pop DKB fez seu primeiro show no Brasil"},"content":{"rendered":"\n<p>Na noite de ter\u00e7a-feira, 27 de setembro, o grupo sul-coreano <strong>DKB<\/strong> fez sua primeira apresenta\u00e7\u00e3o no Brasil. D1, GK, E-chan, Heechan, Harry June, Yuku, Lune, Junseo e Teo encantaram o p\u00fablico carioca, que p\u00f4de conferir o show no Teatro Solar, em Botafogo, bairro localizado na Zona Sul do Rio. O evento faz parte da turn\u00ea <strong>DKB Meet and Live <\/strong>e ainda passou por S\u00e3o Paulo e Curitiba, nos dias 29 e 30, respectivamente.&nbsp;<\/p>\n\n\n<div class=\"wp-block-image\">\n<figure class=\"aligncenter size-full is-resized\"><img loading=\"lazy\" decoding=\"async\" width=\"776\" height=\"414\" src=\"http:\/\/terranerdica.com.br\/wp-content\/uploads\/2022\/10\/Screenshot_12.png\" alt=\"\" class=\"wp-image-17853\" srcset=\"https:\/\/terranerdica.com.br\/wp-content\/uploads\/2022\/10\/Screenshot_12.png 776w, https:\/\/terranerdica.com.br\/wp-content\/uploads\/2022\/10\/Screenshot_12-300x160.png 300w, https:\/\/terranerdica.com.br\/wp-content\/uploads\/2022\/10\/Screenshot_12-768x410.png 768w, https:\/\/terranerdica.com.br\/wp-content\/uploads\/2022\/10\/Screenshot_12-750x400.png 750w\" sizes=\"(max-width: 776px) 100vw, 776px\" \/><figcaption>DKB durante seu show no Rio de Janeiro<\/figcaption><\/figure><\/div>\n\n\n<p>Al\u00e9m do show, que durou cerca de 2h, o evento tamb\u00e9m teve sess\u00e3o de aut\u00f3grafos,<em> hi-touch <\/em>(toque de m\u00e3o) e <em>pick a pose <\/em>(escolha de um membro para tirar foto), que puderam ser adquiridos separadamente.&nbsp;<\/p>\n\n\n\n<p>O DKB apresentou v\u00e1rias m\u00fasicas de sua discografia: \u201cSorry Mama&#8221;, single de estreia do grupo, \u201cTell\u2019em Boys\u201d, \u201cSober\u201d, \u201cRollercoaster\u201d e \u201c24\/7\u201d, principal can\u00e7\u00e3o do seu \u00faltimo \u00e1lbum lan\u00e7ado, Autumn. Al\u00e9m disso, os membros tamb\u00e9m fizeram covers separados em units de dan\u00e7a, vocal e rap, mostrando performances especiais como a de \u201cMy Universe\u201d, colabora\u00e7\u00e3o de BTS e Coldplay, e de \u201cWave\u201d, do grupo de k-pop Ateez.&nbsp;<\/p>\n\n\n\n<p>E os f\u00e3s tamb\u00e9m prepararam uma surpresa. Banners com a mensagem \u201c\ube0c\ub77c\uc9c8 BB\ub4e4\uc740 \ud56d\uc0c1 \ub2e4\ud06c\ube44\uc744 \uc9c0\uc9c0\ud560 \uac81\ub2c8\ub2e4 &#8211; BBs brasileiras trabalhar\u00e3o duro para sempre apoiar o DKB\u201d foram levantados na m\u00fasica \u201cBestie\u201d, lan\u00e7ada em fevereiro deste ano, em comemora\u00e7\u00e3o ao segundo anivers\u00e1rio do grupo.\u00a0<\/p>\n\n\n<div class=\"wp-block-image\">\n<figure class=\"alignright is-resized\"><img loading=\"lazy\" decoding=\"async\" src=\"http:\/\/terranerdica.com.br\/wp-content\/uploads\/2022\/07\/5-5.png\" alt=\"\" class=\"wp-image-16897\" width=\"285\" height=\"50\" srcset=\"https:\/\/terranerdica.com.br\/wp-content\/uploads\/2022\/07\/5-5.png 645w, https:\/\/terranerdica.com.br\/wp-content\/uploads\/2022\/07\/5-5-300x53.png 300w\" sizes=\"(max-width: 285px) 100vw, 285px\" \/><figcaption class=\"wp-element-caption\">Nota: 5 de 5 (Excelente)<\/figcaption><\/figure><\/div>\n\n\n<p>Ao final do show, em seu discurso de despedida, E-chan disse que o Brasil aquece o cora\u00e7\u00e3o dos artistas e todos prometeram que voltar\u00e3o. \u201c\u00c9 uma promessa!\u201d, disseram eles, com o dedo m\u00ednimo erguido.\u00a0<\/p>\n","protected":false},"excerpt":{"rendered":"<p>Na noite de ter\u00e7a-feira, 27 de setembro, o grupo sul-coreano DKB fez sua primeira apresenta\u00e7\u00e3o no Brasil. D1, GK, E-chan, Heechan, Harry June, Yuku, Lune, Junseo e Teo encantaram o p\u00fablico carioca, que p\u00f4de conferir o show no Teatro Solar, em Botafogo, bairro localizado na Zona Sul do Rio. O evento faz parte da turn\u00ea [&hellip;]<\/p>\n","protected":false},"author":1341,"featured_media":17858,"comment_status":"open","ping_status":"open","sticky":false,"template":"","format":"standard","meta":{"_mi_skip_tracking":false,"_exactmetrics_sitenote_active":false,"_exactmetrics_sitenote_note":"","_exactmetrics_sitenote_category":0,"footnotes":""},"categories":[1],"tags":[2203,2202],"class_list":["post-17851","post","type-post","status-publish","format-standard","has-post-thumbnail","hentry","category-sem-categoria","tag-dkb","tag-k-pop"],"_links":{"self":[{"href":"https:\/\/terranerdica.com.br\/index.php\/wp-json\/wp\/v2\/posts\/17851"}],"collection":[{"href":"https:\/\/terranerdica.com.br\/index.php\/wp-json\/wp\/v2\/posts"}],"about":[{"href":"https:\/\/terranerdica.com.br\/index.php\/wp-json\/wp\/v2\/types\/post"}],"author":[{"embeddable":true,"href":"https:\/\/terranerdica.com.br\/index.php\/wp-json\/wp\/v2\/users\/1341"}],"replies":[{"embeddable":true,"href":"https:\/\/terranerdica.com.br\/index.php\/wp-json\/wp\/v2\/comments?post=17851"}],"version-history":[{"count":8,"href":"https:\/\/terranerdica.com.br\/index.php\/wp-json\/wp\/v2\/posts\/17851\/revisions"}],"predecessor-version":[{"id":18678,"href":"https:\/\/terranerdica.com.br\/index.php\/wp-json\/wp\/v2\/posts\/17851\/revisions\/18678"}],"wp:featuredmedia":[{"embeddable":true,"href":"https:\/\/terranerdica.com.br\/index.php\/wp-json\/wp\/v2\/media\/17858"}],"wp:attachment":[{"href":"https:\/\/terranerdica.com.br\/index.php\/wp-json\/wp\/v2\/media?parent=17851"}],"wp:term":[{"taxonomy":"category","embeddable":true,"href":"https:\/\/terranerdica.com.br\/index.php\/wp-json\/wp\/v2\/categories?post=17851"},{"taxonomy":"post_tag","embeddable":true,"href":"https:\/\/terranerdica.com.br\/index.php\/wp-json\/wp\/v2\/tags?post=17851"}],"curies":[{"name":"wp","href":"https:\/\/api.w.org\/{rel}","templated":true}]}}