{"id":15697,"date":"2022-04-29T12:57:57","date_gmt":"2022-04-29T15:57:57","guid":{"rendered":"http:\/\/terranerdica.com.br\/?p=15697"},"modified":"2022-04-29T13:02:34","modified_gmt":"2022-04-29T16:02:34","slug":"estomago-2-o-poderodo-chef-comecam-as-filmagens-do-lendario-filme-de-2008","status":"publish","type":"post","link":"https:\/\/terranerdica.com.br\/index.php\/2022\/04\/29\/estomago-2-o-poderodo-chef-comecam-as-filmagens-do-lendario-filme-de-2008\/","title":{"rendered":"Est\u00f4mago 2 &#8211; O Poderoso Chef | Come\u00e7am as filmagens do lend\u00e1rio filme de 2008"},"content":{"rendered":"<p class=\"m_-1361326033527777003MsoNoSpacing\">Come\u00e7aram em abril as filmagens de\u00a0<b>Est\u00f4mago 2 &#8211; O Poderoso Chef<\/b>, continua\u00e7\u00e3o do longa Est\u00f4mago, grande sucesso de cr\u00edtica e p\u00fablico em\u00a02008.\u00a0A fant\u00e1stica jornada de Raimundo Nonato e suas aventuras filos\u00f3fico-culin\u00e1rias seguem sob a dire\u00e7\u00e3o de\u00a0<b>Marcos Jorge<\/b>, com roteiro dele mesmo e de\u00a0<b>Lusa Silvestre<\/b>\u00a0\u2013 os mesmos criadores da hist\u00f3ria original.\u00a0 Paulo Miklos e Nicola Siri completam o elenco.<u><\/u><u><\/u><\/p>\n<p class=\"m_-1361326033527777003MsoNoSpacing\">A hist\u00f3ria se passa quinze anos depois do primeiro filme, e mostra mais da vida de Nonato Alecrim na cadeia e o que acontece quando ele sai da pris\u00e3o, finalmente solto, em uma estadia na It\u00e1lia.<u><\/u><u><\/u><\/p>\n<p class=\"m_-1361326033527777003MsoNoSpacing\">O filme est\u00e1 sendo rodado em loca\u00e7\u00f5es no sul do Brasil e ter\u00e1 cenas gravadas na It\u00e1lia, em paisagens deslumbrante regi\u00e3o do L\u00e1cio. Est\u00e3o no elenco os atores\u00a0<b>Jo\u00e3o Miguel, Paulo Miklos, Nicola Siri, Marco Zenni, Rodrigo Ferrarini, F\u00e1bio Silvestre, Guenia Lemos<\/b>\u00a0e participa\u00e7\u00e3o especial de\u00a0<b>Projota<\/b>.\u00a0O time de atores fica completo com participa\u00e7\u00f5es italianas que entram na trama durante a parte internacional das grava\u00e7\u00f5es.\u00a0O lan\u00e7amento do longa est\u00e1 previsto para o segundo semestre de 2023, e a distribui\u00e7\u00e3o \u00e9 da\u00a0<b>Paris Filmes<\/b>.<\/p>\n<figure id=\"attachment_15698\" aria-describedby=\"caption-attachment-15698\" style=\"width: 564px\" class=\"wp-caption alignnone\"><img loading=\"lazy\" decoding=\"async\" class=\"size-full wp-image-15698\" src=\"http:\/\/terranerdica.com.br\/wp-content\/uploads\/2022\/04\/image009.png\" alt=\"\" width=\"564\" height=\"156\" srcset=\"https:\/\/terranerdica.com.br\/wp-content\/uploads\/2022\/04\/image009.png 564w, https:\/\/terranerdica.com.br\/wp-content\/uploads\/2022\/04\/image009-300x83.png 300w\" sizes=\"(max-width: 564px) 100vw, 564px\" \/><figcaption id=\"caption-attachment-15698\" class=\"wp-caption-text\">Produ\u00e7\u00e3o \u00edtalo-brasileira d\u00e1 destaque a alta gastronomia<br \/>e inclui a m\u00e1fia siciliana na trama.<\/figcaption><\/figure>\n<p class=\"m_-1361326033527777003MsoNoSpacing\">Embora seja uma sequ\u00eancia, o novo filme se diferencia do anterior. Se no primeiro filme a baixa-gastronomia e os princ\u00edpios b\u00e1sicos da culin\u00e1ria foram a grande estrela da mesa, em\u00a0<b>Est\u00f4mago 2<\/b>, a alta gastronomia ser\u00e1 tratada de maneira original e peculiar. A trajet\u00f3ria do protagonista ser\u00e1 narrada em dois momentos fundamentais: sua estada na cadeia (seu aprendizado de malandragem e culin\u00e1ria e as muitas rela\u00e7\u00f5es que da\u00ed decorrem) e sua posterior estada na It\u00e1lia (onde se relaciona com integrantes da famosa Cosa Nostra, a m\u00e1fia siciliana). Assim como seu antecessor, o longa em produ\u00e7\u00e3o tamb\u00e9m utilizar\u00e1 recursos da com\u00e9dia-dram\u00e1tica com pitadas de humor \u00e1cido.<u><\/u><u><\/u><\/p>\n<p class=\"m_-1361326033527777003MsoNoSpacing\">O diretor e roteirista Marcos Jorge diz que escreveu o argumento de Est\u00f4mago 2 atendendo a in\u00fameros pedidos ouvidos no decorrer dos anos para que a saga de Nonato Alecrim tivesse continuidade. &#8220;Pelo carinho com que as pessoas se referem ao primeiro filme percebi que o personagem de Raimundo Nonato ainda tinha muito a oferecer aos seus f\u00e3s. A hist\u00f3ria me veio f\u00e1cil, quase como se o pr\u00f3prio personagem a estivesse sugerindo&#8221;, conta. Lusa Silvestre se arrisca em dizer que o roteiro do 2 talvez esteja melhor que o do primeiro, e garante que est\u00e1 certamente mais engra\u00e7ado.<\/p>\n<figure id=\"attachment_15699\" aria-describedby=\"caption-attachment-15699\" style=\"width: 487px\" class=\"wp-caption alignnone\"><img loading=\"lazy\" decoding=\"async\" class=\"wp-image-15699 size-full\" src=\"http:\/\/terranerdica.com.br\/wp-content\/uploads\/2022\/04\/image010.jpg\" alt=\"\" width=\"487\" height=\"366\" srcset=\"https:\/\/terranerdica.com.br\/wp-content\/uploads\/2022\/04\/image010.jpg 487w, https:\/\/terranerdica.com.br\/wp-content\/uploads\/2022\/04\/image010-300x225.jpg 300w\" sizes=\"(max-width: 487px) 100vw, 487px\" \/><figcaption id=\"caption-attachment-15699\" class=\"wp-caption-text\">Cen\u00e1rio realista de pres\u00eddio brasileiro far\u00e1 contraponto com a alta gastronomia de Nonato, em Est\u00f4mago 2.<\/figcaption><\/figure>\n<p class=\"m_-1361326033527777003MsoNoSpacing\">A produtora\u00a0<b>Cl\u00e1udia da Natividade<\/b>\u00a0conta que a hist\u00f3ria apresenta uma s\u00e9rie de epis\u00f3dios hilariantes, e, ao mesmo tempo, pr\u00f3ximos da realidade enfrentada por diversos imigrantes. Quanto \u00e0s sequ\u00eancias de prepara\u00e7\u00e3o de comida, que no filme s\u00e3o muitas e muito importantes, ser\u00e1 dado um tratamento especial para as imagens. A luz, os enquadramentos, os movimentos de c\u00e2mera, entre outros, devem ser bonitos e pl\u00e1sticos, valorizando os ingredientes e a prepara\u00e7\u00e3o dos pratos, enquanto as situa\u00e7\u00f5es desta prepara\u00e7\u00e3o devem ser extremamente pr\u00f3ximas da realidade da trama na cadeia, com cozinhas sujas, instrumentos inadequados, recipientes velhos e amassados. \u201dO que se deve procurar \u00e9 um contraste forte entre tratamento est\u00e9tico e a\u00e7\u00e3o real\u00edstica, de maneira a criar imagens extremamente originais e impactantes das receitas praticadas por Nonato. E, \u00e9 claro, deixar os espectadores com \u00e1gua na boca\u201d, observa.<u><\/u><u><\/u><\/p>\n<p class=\"m_-1361326033527777003MsoNoSpacing\">Assim como no primeiro filme, Est\u00f4mago 2 \u00e9 uma coprodu\u00e7\u00e3o Brasil-It\u00e1lia. No entanto, dessa vez, ao contr\u00e1rio da anterior, est\u00e3o previstas filmagens nos dois pa\u00edses. No Brasil, elas ficam a cargo da produtora\u00a0<b>Zencrane<\/b>\u00a0e, na It\u00e1lia, da\u00a0<b>Alexandra<\/b>\u00a0<b>Cinematografica<\/b>, fundada em 1955 e com mais de 40 longas produzidos, em um curr\u00edculo que inclui diretores como Federico Fellini e Claude Chabrol, entre outros.<\/p>\n","protected":false},"excerpt":{"rendered":"<p>Come\u00e7aram em abril as filmagens de\u00a0Est\u00f4mago 2 &#8211; O Poderoso Chef, continua\u00e7\u00e3o do longa Est\u00f4mago, grande sucesso de cr\u00edtica e p\u00fablico em\u00a02008.\u00a0A fant\u00e1stica jornada de Raimundo Nonato e suas aventuras filos\u00f3fico-culin\u00e1rias seguem sob a dire\u00e7\u00e3o de\u00a0Marcos Jorge, com roteiro dele mesmo e de\u00a0Lusa Silvestre\u00a0\u2013 os mesmos criadores da hist\u00f3ria original.\u00a0 Paulo Miklos e Nicola Siri [&hellip;]<\/p>\n","protected":false},"author":2,"featured_media":15700,"comment_status":"open","ping_status":"open","sticky":false,"template":"","format":"standard","meta":{"_mi_skip_tracking":false,"_exactmetrics_sitenote_active":false,"_exactmetrics_sitenote_note":"","_exactmetrics_sitenote_category":0,"footnotes":""},"categories":[29],"tags":[1801,1809,1810,1804,1803,1802,1807,1806,1710,1805,1811,1808],"class_list":["post-15697","post","type-post","status-publish","format-standard","has-post-thumbnail","hentry","category-filmes","tag-estomago","tag-fabiosilvestre","tag-guenialemos","tag-joaomiguel","tag-lusa-silvestre","tag-marcos-jogos","tag-marcozenni","tag-nicolasiri","tag-paris","tag-paulomiklos","tag-projota","tag-rodrigoferrarini"],"_links":{"self":[{"href":"https:\/\/terranerdica.com.br\/index.php\/wp-json\/wp\/v2\/posts\/15697"}],"collection":[{"href":"https:\/\/terranerdica.com.br\/index.php\/wp-json\/wp\/v2\/posts"}],"about":[{"href":"https:\/\/terranerdica.com.br\/index.php\/wp-json\/wp\/v2\/types\/post"}],"author":[{"embeddable":true,"href":"https:\/\/terranerdica.com.br\/index.php\/wp-json\/wp\/v2\/users\/2"}],"replies":[{"embeddable":true,"href":"https:\/\/terranerdica.com.br\/index.php\/wp-json\/wp\/v2\/comments?post=15697"}],"version-history":[{"count":2,"href":"https:\/\/terranerdica.com.br\/index.php\/wp-json\/wp\/v2\/posts\/15697\/revisions"}],"predecessor-version":[{"id":15702,"href":"https:\/\/terranerdica.com.br\/index.php\/wp-json\/wp\/v2\/posts\/15697\/revisions\/15702"}],"wp:featuredmedia":[{"embeddable":true,"href":"https:\/\/terranerdica.com.br\/index.php\/wp-json\/wp\/v2\/media\/15700"}],"wp:attachment":[{"href":"https:\/\/terranerdica.com.br\/index.php\/wp-json\/wp\/v2\/media?parent=15697"}],"wp:term":[{"taxonomy":"category","embeddable":true,"href":"https:\/\/terranerdica.com.br\/index.php\/wp-json\/wp\/v2\/categories?post=15697"},{"taxonomy":"post_tag","embeddable":true,"href":"https:\/\/terranerdica.com.br\/index.php\/wp-json\/wp\/v2\/tags?post=15697"}],"curies":[{"name":"wp","href":"https:\/\/api.w.org\/{rel}","templated":true}]}}