{"id":15679,"date":"2022-04-27T16:54:51","date_gmt":"2022-04-27T19:54:51","guid":{"rendered":"http:\/\/terranerdica.com.br\/?p=15679"},"modified":"2022-04-27T17:06:27","modified_gmt":"2022-04-27T20:06:27","slug":"critica-flee-nenhum-lugar-para-chamar-de-lar","status":"publish","type":"post","link":"https:\/\/terranerdica.com.br\/index.php\/2022\/04\/27\/critica-flee-nenhum-lugar-para-chamar-de-lar\/","title":{"rendered":"Cr\u00edtica | Flee &#8211; Nenhum Lugar para Chamar de Lar"},"content":{"rendered":"<p>A anima\u00e7\u00e3o <em>Flugt <\/em>ou <em>Flee: Nenhum Lugar para Chamar de Lar (2021)<\/em> foi indicada ao Oscar de melhor document\u00e1rio, melhor filme em l\u00edngua estrangeira e melhor anima\u00e7\u00e3o. Infelizmente n\u00e3o ganhou nenhuma estatueta, mas ganhou muitos outros pr\u00eamios internacionais.<\/p>\n<p>Eu achei genial toda a cria\u00e7\u00e3o e estilo do document\u00e1rio. O fato de ser anima\u00e7\u00e3o d\u00e1 uma liberdade gigante para o diretor e a criatividade foi muito bem explorada.<\/p>\n<p>Jonas Poher Rasmussen, diretor do filme, entrevista seu amigo de muitos anos Amir* (pseud\u00f4nimo para n\u00e3o ser identificado) que \u00e9 um refugiado. Amir fugiu durante a guerra do Afeganist\u00e3o e desde ent\u00e3o teve que esconder todo o seu passado para proteger sua fam\u00edlia e evitar de ser deportado. Depois de muitos anos a sua hist\u00f3ria finalmente vai ser contada.<\/p>\n<p>O document\u00e1rio usa a t\u00e9cnica da anima\u00e7\u00e3o para reviver as mem\u00f3rias do passado de Amir alternando com imagens gravadas de reportagens de acontecimentos hist\u00f3ricos. Vemos durante o filme imagens da guerra no Afeganist\u00e3o, a R\u00fassia ap\u00f3s a queda da Uni\u00e3o Sovi\u00e9tica, imigrantes tentando entrar ilegalmente em pa\u00edses da Europa, etc<\/p>\n<p>Me encantou a sensibilidade e o estilo da obra. \u00c9 interessante como pensaram em pequenos detalhes. Eu gosto da ideia da narra\u00e7\u00e3o usar o conceito de que toda mem\u00f3ria \u00e9 falha e confusa. Uma parte bem legal \u00e9 quando o protagonista diz que n\u00e3o se lembra da sua m\u00e3e com cabelos pretos, apenas mais idosa com cabelos brancos. Ent\u00e3o enquanto ele conta a hist\u00f3ria de quando era crian\u00e7a sempre a v\u00ea com cabelos brancos\u00a0 por mais que ela ainda n\u00e3o fosse idosa na \u00e9poca.<\/p>\n<p>As cenas mais turbulentas e traum\u00e1ticas usam tra\u00e7os mais simples e sem cores representando a dificuldade de lembrar e falar sobre esses momentos. Por muito tempo nas mem\u00f3rias parece que ele ainda se v\u00ea no corpo de uma crian\u00e7a. Isso pode ser entendido por ele ter praticamente perdido a adolesc\u00eancia.<\/p>\n<p>O filme trabalha muito a empatia do telespectador. Nos encantamos com a hist\u00f3ria dele e sentimos a dor de ter que esconder a vida toda sua nacionalidade e sexualidade. Sabemos que existe muitas hist\u00f3rias semelhantes e a maioria n\u00e3o tem final feliz. N\u00e3o que o final dele seja feliz, mas d\u00e1 uma certa esperan\u00e7a de um futuro melhor para quem j\u00e1 sofreu tanto.<\/p>\n<p>Nota: <img loading=\"lazy\" decoding=\"async\" width=\"645\" height=\"113\" class=\"aligncenter size-full wp-image-15685\" src=\"http:\/\/terranerdica.com.br\/wp-content\/uploads\/2022\/04\/2D409407-692C-40FE-AA3E-F1E45BB14177.png\" alt=\"\" srcset=\"https:\/\/terranerdica.com.br\/wp-content\/uploads\/2022\/04\/2D409407-692C-40FE-AA3E-F1E45BB14177.png 645w, https:\/\/terranerdica.com.br\/wp-content\/uploads\/2022\/04\/2D409407-692C-40FE-AA3E-F1E45BB14177-300x53.png 300w\" sizes=\"(max-width: 645px) 100vw, 645px\" \/><\/p>\n","protected":false},"excerpt":{"rendered":"<p>A anima\u00e7\u00e3o Flugt ou Flee: Nenhum Lugar para Chamar de Lar (2021) foi indicada ao Oscar de melhor document\u00e1rio, melhor filme em l\u00edngua estrangeira e melhor anima\u00e7\u00e3o. Infelizmente n\u00e3o ganhou nenhuma estatueta, mas ganhou muitos outros pr\u00eamios internacionais. Eu achei genial toda a cria\u00e7\u00e3o e estilo do document\u00e1rio. O fato de ser anima\u00e7\u00e3o d\u00e1 uma [&hellip;]<\/p>\n","protected":false},"author":24,"featured_media":15680,"comment_status":"open","ping_status":"open","sticky":false,"template":"","format":"standard","meta":{"_mi_skip_tracking":false,"_exactmetrics_sitenote_active":false,"_exactmetrics_sitenote_note":"","_exactmetrics_sitenote_category":0,"footnotes":""},"categories":[29],"tags":[1796,1797,228],"class_list":["post-15679","post","type-post","status-publish","format-standard","has-post-thumbnail","hentry","category-filmes","tag-flee","tag-flugt","tag-oscar"],"_links":{"self":[{"href":"https:\/\/terranerdica.com.br\/index.php\/wp-json\/wp\/v2\/posts\/15679"}],"collection":[{"href":"https:\/\/terranerdica.com.br\/index.php\/wp-json\/wp\/v2\/posts"}],"about":[{"href":"https:\/\/terranerdica.com.br\/index.php\/wp-json\/wp\/v2\/types\/post"}],"author":[{"embeddable":true,"href":"https:\/\/terranerdica.com.br\/index.php\/wp-json\/wp\/v2\/users\/24"}],"replies":[{"embeddable":true,"href":"https:\/\/terranerdica.com.br\/index.php\/wp-json\/wp\/v2\/comments?post=15679"}],"version-history":[{"count":5,"href":"https:\/\/terranerdica.com.br\/index.php\/wp-json\/wp\/v2\/posts\/15679\/revisions"}],"predecessor-version":[{"id":15686,"href":"https:\/\/terranerdica.com.br\/index.php\/wp-json\/wp\/v2\/posts\/15679\/revisions\/15686"}],"wp:featuredmedia":[{"embeddable":true,"href":"https:\/\/terranerdica.com.br\/index.php\/wp-json\/wp\/v2\/media\/15680"}],"wp:attachment":[{"href":"https:\/\/terranerdica.com.br\/index.php\/wp-json\/wp\/v2\/media?parent=15679"}],"wp:term":[{"taxonomy":"category","embeddable":true,"href":"https:\/\/terranerdica.com.br\/index.php\/wp-json\/wp\/v2\/categories?post=15679"},{"taxonomy":"post_tag","embeddable":true,"href":"https:\/\/terranerdica.com.br\/index.php\/wp-json\/wp\/v2\/tags?post=15679"}],"curies":[{"name":"wp","href":"https:\/\/api.w.org\/{rel}","templated":true}]}}