{"id":13111,"date":"2021-05-13T12:12:15","date_gmt":"2021-05-13T15:12:15","guid":{"rendered":"http:\/\/terranerdica.com.br\/?p=13111"},"modified":"2021-05-13T12:12:15","modified_gmt":"2021-05-13T15:12:15","slug":"venom-2-homem-aranha-pode-aparecer-no-filme-mas-qual","status":"publish","type":"post","link":"https:\/\/terranerdica.com.br\/index.php\/2021\/05\/13\/venom-2-homem-aranha-pode-aparecer-no-filme-mas-qual\/","title":{"rendered":"Venom 2 | Homem-Aranha pode aparecer no filme, mas qual?"},"content":{"rendered":"<p>Existem alguns rumores acerca de uma entrevista ao<strong> Discussing Film<\/strong> de que o roteirista<strong> Jeff Pinkner<\/strong> de <em><strong>Venom: Tempo de Carnificina<\/strong> <\/em>respondeu a uma pergunta se ver\u00edamos o <strong>Homem-Aranha<\/strong> no filme.<\/p>\n<blockquote><p>Sem revelar nada al\u00e9m do que estou impedido de revelar, n\u00e3o \u00e9 imposs\u00edvel que no vindouro filme do Venom tenha uma participa\u00e7\u00e3o importante do Homem-Aranha.<\/p><\/blockquote>\n<p>O mesmo ainda n\u00e3o revelou que, se for verdade, qual vers\u00e3o do Homem-Aranha ver\u00edamos. Alguns rumores insistem em<strong> Andrew Garfield<\/strong> por motivos de que o filme do <strong>Venom<\/strong> j\u00e1 estava nos planos da <strong>Sony<\/strong> desde o primeiro <em><strong>O Espetacular Homem-Aranha<\/strong><\/em>, tal como o filme do<strong> Sexteto Sinistro<\/strong> que tamb\u00e9m se passaria no mesmo universo, por\u00e9m, com o \u00faltimo trailer, pudemos ver algumas refer\u00eancias que ligam a universos cinematogr\u00e1ficos do Homem-Aranha, mas n\u00e3o ao de Andrew Garfield.<\/p>\n<p><img decoding=\"async\" src=\"https:\/\/ovicio.com.br\/wp-content\/uploads\/2021\/05\/20210510-venom-2-1024x527.jpg\" alt=\"Trailer de 'Venom 2' traz conex\u00e3o com trilogia do 'Homem-Aranha' de Tobey  Maguire\" \/>Em dois frames do filme pode ser visto o jornal<strong> Clarim Di\u00e1rio<\/strong>. Em um, que d\u00e1 pra ler mais claramente, diz as seguintes palavras &#8211; traduzido para o portugu\u00eas &#8211;\u00a0<em>As V\u00edtimas Encobertas de Cletus Kassidy &#8211;\u00a0<\/em>referindo-se ao <strong>Carnificina<\/strong>. O interessante \u00e9 notar que a logo do Clarim Di\u00e1rio, diferente da que aparece em <em><strong>O Espetacular Homem-Aranha 2<\/strong> <\/em>e <em><strong>Homem-Aranha: Longe de Casa<\/strong><\/em>, \u00e9 a mesma logo do jornal na trilogia <em><strong>Homem-Aranha<\/strong><\/em> de <strong>Sam Raimi.<\/strong> Por\u00e9m, ao mesmo tempo, podemos ler bem r\u00e1pido em outra p\u00e1gina do mesmo jornal as palavras <strong>Vingadores<\/strong> e <strong>Macaco Noturno<\/strong> &#8211; tamb\u00e9m traduzindo do ingl\u00eas, \u00e9 claro. Al\u00e9m da logo do Clarim Di\u00e1rio n\u00e3o ser a mesma da franquia <em>O Espetacular Homem-Aranha<\/em>, tamb\u00e9m vemos a logo do <strong>Instituto Ravencroft<\/strong> que aqui no trailer de <em>Venom<\/em> lembra mais as inscri\u00e7\u00f5es dos quadrinhos.<img decoding=\"async\" src=\"https:\/\/observatoriodocinema.uol.com.br\/wp-content\/uploads\/2021\/05\/Ravencroft-in-Venom-2.jpg\" alt=\"Venom 2: As revela\u00e7\u00f5es e refer\u00eancias escondidas no trailer\" \/><\/p>\n<p>At\u00e9 agora n\u00e3o existe a confirma\u00e7\u00e3o sobre em que universo os dois filmes se passam. Lembrando que j\u00e1 tivemos o <strong>Eddie Brock<\/strong> na trilogia de Sam Raimi interpretado por <strong>Topher Grace<\/strong>. E voc\u00ea, presume que se passa em qual dos universos?<\/p>\n","protected":false},"excerpt":{"rendered":"<p>Existem alguns rumores acerca de uma entrevista ao Discussing Film de que o roteirista Jeff Pinkner de Venom: Tempo de Carnificina respondeu a uma pergunta se ver\u00edamos o Homem-Aranha no filme. Sem revelar nada al\u00e9m do que estou impedido de revelar, n\u00e3o \u00e9 imposs\u00edvel que no vindouro filme do Venom tenha uma participa\u00e7\u00e3o importante do [&hellip;]<\/p>\n","protected":false},"author":2,"featured_media":13112,"comment_status":"open","ping_status":"open","sticky":false,"template":"","format":"standard","meta":{"_mi_skip_tracking":false,"_exactmetrics_sitenote_active":false,"_exactmetrics_sitenote_note":"","_exactmetrics_sitenote_category":0,"footnotes":""},"categories":[29,588],"tags":[1296,203,286,611,1295],"class_list":["post-13111","post","type-post","status-publish","format-standard","has-post-thumbnail","hentry","category-filmes","category-marvel","tag-carnage","tag-marvel","tag-sony","tag-spiderman","tag-venom"],"_links":{"self":[{"href":"https:\/\/terranerdica.com.br\/index.php\/wp-json\/wp\/v2\/posts\/13111"}],"collection":[{"href":"https:\/\/terranerdica.com.br\/index.php\/wp-json\/wp\/v2\/posts"}],"about":[{"href":"https:\/\/terranerdica.com.br\/index.php\/wp-json\/wp\/v2\/types\/post"}],"author":[{"embeddable":true,"href":"https:\/\/terranerdica.com.br\/index.php\/wp-json\/wp\/v2\/users\/2"}],"replies":[{"embeddable":true,"href":"https:\/\/terranerdica.com.br\/index.php\/wp-json\/wp\/v2\/comments?post=13111"}],"version-history":[{"count":1,"href":"https:\/\/terranerdica.com.br\/index.php\/wp-json\/wp\/v2\/posts\/13111\/revisions"}],"predecessor-version":[{"id":13113,"href":"https:\/\/terranerdica.com.br\/index.php\/wp-json\/wp\/v2\/posts\/13111\/revisions\/13113"}],"wp:featuredmedia":[{"embeddable":true,"href":"https:\/\/terranerdica.com.br\/index.php\/wp-json\/wp\/v2\/media\/13112"}],"wp:attachment":[{"href":"https:\/\/terranerdica.com.br\/index.php\/wp-json\/wp\/v2\/media?parent=13111"}],"wp:term":[{"taxonomy":"category","embeddable":true,"href":"https:\/\/terranerdica.com.br\/index.php\/wp-json\/wp\/v2\/categories?post=13111"},{"taxonomy":"post_tag","embeddable":true,"href":"https:\/\/terranerdica.com.br\/index.php\/wp-json\/wp\/v2\/tags?post=13111"}],"curies":[{"name":"wp","href":"https:\/\/api.w.org\/{rel}","templated":true}]}}