{"id":13081,"date":"2021-05-06T17:54:58","date_gmt":"2021-05-06T20:54:58","guid":{"rendered":"http:\/\/terranerdica.com.br\/?p=13081"},"modified":"2023-03-01T15:50:11","modified_gmt":"2023-03-01T18:50:11","slug":"invencivel-e-a-seria-adulta-de-super-herois-como-realmente-deve-ser-critica-sem-spoilers","status":"publish","type":"post","link":"https:\/\/terranerdica.com.br\/index.php\/2021\/05\/06\/invencivel-e-a-seria-adulta-de-super-herois-como-realmente-deve-ser-critica-sem-spoilers\/","title":{"rendered":"Invenc\u00edvel \u00e9 a anima\u00e7\u00e3o adulta de super-her\u00f3is como realmente deve ser | Cr\u00edtica (Sem spoilers)"},"content":{"rendered":"<p><em><strong>Invenc\u00edvel (Invincible)<\/strong> <\/em>\u00e9 a nova s\u00e9rie animada de super-her\u00f3is da <strong>Amazon Prime Video<\/strong> baseada no quadrinho de <strong>Robert Kirkman,<\/strong> criador de <em><strong>The Walking Dead,<\/strong><\/em> e apesar de ser muito comparada com <strong>The Boys<\/strong> por trazer uma retrata\u00e7\u00e3o mais adulta do universo dos super-her\u00f3is, Invenc\u00edvel trabalha melhor o otimismo deste universo e as rela\u00e7\u00f5es interpessoais.<!--more--><\/p>\n<p><img decoding=\"async\" class=\"aligncenter\" src=\"https:\/\/i.ytimg.com\/vi\/y4Ln-UCk7Bs\/maxresdefault.jpg\" alt=\"Invincible episode 1 | The Guardians of The Globe opening fight scene - YouTube\" \/><\/p>\n<p>Eu n\u00e3o conhecia os quadrinhos antes da s\u00e9rie e n\u00e3o tive oportunidade de ler a HQ antes de assistir, mas ao que parece foi realizada aqui uma \u00f3tima adapta\u00e7\u00e3o. Robert Kirkman \u00e9, inegavelmente, muito bom em contar hist\u00f3rias sequenciais. Apesar do <em>The Walking Dead<\/em> ter fracassado em alguns momentos, a gente sabe como a hist\u00f3ria segue muito bem apresentando pontos l\u00e1 no primeiro arco que v\u00e3o ser muito importantes depois e mesmo assim encerrando dali aqueles aqueles arcos j\u00e1 introduzidos, pois aqui n\u00e3o \u00e9 muito diferente.\u00a0A hist\u00f3ria de I<em>nvenc\u00edvel<\/em> come\u00e7a com o mundo j\u00e1 estabelecido onde super-her\u00f3is existem muito parecido com<strong> Universo DC<\/strong> e tamb\u00e9m algumas outras refer\u00eancias do Universo Marvel e de outras editoras tamb\u00e9m. Come\u00e7amos vendo os <strong>Guardi\u00f5es Globais<\/strong>, que s\u00e3o como se fosse a <strong>Liga da Justi\u00e7a<\/strong> deste universo, e tamb\u00e9m o <em>viltrumita<\/em> <strong>Omni-Man (J. K. Simmons)<\/strong> que \u00e9 uma esp\u00e9cie de <strong>Superman<\/strong>, mas que n\u00e3o se alia a supergrupos. Omni-man tem um filho chamado <strong>Mark (Steven Yeun),<\/strong> metade viltrumita, que acaba despertando, quase no fim da adolesc\u00eancia, os seus poderes e j\u00e1 de cara deseja se tornar tamb\u00e9m um super-her\u00f3i como o seu pai, mas o seu pai n\u00e3o era bem que ele esperava.<\/p>\n<p><img decoding=\"async\" class=\"aligncenter\" src=\"https:\/\/cdn1-www.superherohype.com\/assets\/uploads\/2021\/02\/Invincible-Preview-Scene-Powers.jpg\" alt=\"Mark Grayson Discovers His Powers In New Invincible Preview Scene\" \/><\/p>\n<p>Por raz\u00f5es que s\u00f3 v\u00e3o ser explicadas no final da temporada, Omni-Man acaba no primeiro epis\u00f3dio exterminando os Guardi\u00f5es Globais, dando fim assim a principal equipe de super-her\u00f3is da Terra. Voc\u00ea vai acompanhando aos poucos ent\u00e3o Mark, ou o ironicamente intitulado <strong>Invenc\u00edvel<\/strong>, crescendo como um super-her\u00f3i se enturmando com a jovem equipe estimada a ser a principal substituta dos Guardi\u00f5es Globais enquanto vai descobrindo aos poucos os motivos do por que Omni-Man fez aquela chacina e o final \u00e9 completamente surpreendente, assustador e incrivelmente bem conclu\u00eddo e, claro, deixa ponta para v\u00e1rias outras tramas que foram introduzidas no meio dessa temporada, tamb\u00e9m inspiradas em arcos famosos da Marvel e DC, e que provavelmente vamos ver nas pr\u00f3ximas nos deixando ainda mais ansiosos para assistir.<\/p>\n<p><img decoding=\"async\" src=\"https:\/\/i2.wp.com\/www.popsfera.com.br\/wp-content\/uploads\/2021\/03\/image-asset.jpeg?resize=800%2C445&amp;ssl=1\" alt=\"Estreia de Invincible no Amazon Prime! - POPSFERA\" \/><\/p>\n<p>A anima\u00e7\u00e3o lembra muito de desenhos dos anos 2000 como <em><strong>Liga da Justi\u00e7a, X-Men: Evolution<\/strong><\/em> e <em><strong>Justi\u00e7a Jovem<\/strong><\/em>. Tem uma movimenta\u00e7\u00e3o muito boa tra\u00e7os que lembram uma mistura ocidental e oriental e que tamb\u00e9m lembram personagens desconhecidos da DC e da Marvel e que tamb\u00e9m lembram os atores que os dublam e por falar nisso: um elenco de voz excepcional! Boa parte do elenco de<em> The Walking Dead<\/em> t\u00e1 aqui e eles fazem um trabalho incr\u00edvel criando a voz de seus personagens como \u00e9 o caso do pr\u00f3prio Steven Yeun e tamb\u00e9m de <strong>Lauren Cohen, Sonequa Martin-Queen, Chad Coleman, Michael Cudlitz<\/strong> e <strong>Lennie James<\/strong> que fazem a primeira equipe de Guardi\u00f5es Globais &#8211; parar o epis\u00f3dio na Amazon Prime para olhar o elenco naquela barra lateral \u00e9 algo viciante de fazer aqui. Eu confesso que no come\u00e7o eu tive um pouco de desinteresse, porque eu sinceramente n\u00e3o aguento mais vers\u00f5es malignas do Superman &#8211; s\u00f3 nesses \u00faltimos anos tivemos o Superman de <strong><em>Injustice<\/em><\/strong>, o <em><strong>Brightburn<\/strong><\/em>, o <strong>Capit\u00e3o P\u00e1tria<\/strong> de<em> The Boys<\/em> e o Superman arauto de Darkseid em <strong><em>Liga da Justi\u00e7a de Zack Snyder<\/em><\/strong>.<\/p>\n<p><img decoding=\"async\" class=\"aligncenter\" src=\"https:\/\/static1.squarespace.com\/static\/51b3dc8ee4b051b96ceb10de\/51ce6099e4b0d911b4489b79\/608afc8ed86a5c0d978feac5\/1619722546935\/amazon-renews-robert-kirkmans-invincible-for-seasons-2-and-3.jpg?format=1500w\" alt=\"Amazon Renews Robert Kirkman's INVINCIBLE for Seasons 2 and 3! \u2014 GeekTyrant - Geeky Craze\" \/><\/p>\n<p>Mas o primeiro epis\u00f3dio acaba quebrando um pouco tamb\u00e9m essa expectativa, porque nos introduz a uma trama adolescente gen\u00e9rica. Por\u00e9m, \u00e9 logo no final do primeiro epis\u00f3dio e tamb\u00e9m no decorrer dos pr\u00f3ximos que a gente se surpreende ao descobrir do que realmente a s\u00e9rie se trata e n\u00e3o: n\u00e3o \u00e9 uma mera desconstru\u00e7\u00e3o de her\u00f3is violenta e gratuita, mas sim uma desconstru\u00e7\u00e3o para nos ensinar qual \u00e9 a import\u00e2ncia do otimismo dos super-her\u00f3is usando de exemplo personagens com moral deturpada contrapondo com outros com moralidade intacta mostrando que n\u00e3o \u00e9 preciso que todo mundo seja sombrio, violento ou tom de cinza para descrever realismo ou uma hist\u00f3ria madura. Isso tudo numa s\u00e9rie em que pega o p\u00fablico, n\u00e3o s\u00f3 aqueles que gostam de her\u00f3is, mas tamb\u00e9m os que gostam de uma tem\u00e1tica mais adulta e sanguinolenta, a fim de ensinar como \u00e9 o caminho que deve ser seguido daqui para frente com outras s\u00e9ries como o pr\u00f3prio <em>The Boys<\/em> ou o vindouro<em><strong> Legado de J\u00fapiter<\/strong><\/em> na <strong>Netflix<\/strong>.<\/p>\n<figure id=\"attachment_13099\" aria-describedby=\"caption-attachment-13099\" style=\"width: 147px\" class=\"wp-caption alignleft\"><img loading=\"lazy\" decoding=\"async\" class=\"wp-image-13099 \" src=\"http:\/\/terranerdica.com.br\/wp-content\/uploads\/2021\/05\/45-1-300x53.png\" alt=\"\" width=\"147\" height=\"26\" \/><figcaption id=\"caption-attachment-13099\" class=\"wp-caption-text\">Nota: 4.5\/5 (Excelente)<\/figcaption><\/figure>\n<p>A primeira temporada de <em>Invenc\u00edvel<\/em> j\u00e1 est\u00e1 completamente dispon\u00edvel no Amazon Prime. Diga a\u00ed nos coment\u00e1rios o que voc\u00ea achou da s\u00e9rie, se voc\u00ea concorda com minha opini\u00e3o e se voc\u00ea gostaria que fiz\u00e9ssemos um <a href=\"https:\/\/anchor.fm\/terranerdica\"><em>podcast<\/em> <\/a>ou uma <a href=\"http:\/\/instagram.com\/terranerdica\"><em>live<\/em> especial<\/a> para falar sobre <em>Invenc\u00edvel<\/em> e mais conte\u00fados, n\u00e3o s\u00f3 sobre a s\u00e9rie animada, mas sobre a s\u00e9rie em quadrinhos tamb\u00e9m!<\/p>\n","protected":false},"excerpt":{"rendered":"<p>Invenc\u00edvel (Invincible) \u00e9 a nova s\u00e9rie animada de super-her\u00f3is da Amazon Prime Video baseada no quadrinho de Robert Kirkman, criador de The Walking Dead, e apesar de ser muito comparada com The Boys por trazer uma retrata\u00e7\u00e3o mais adulta do universo dos super-her\u00f3is, Invenc\u00edvel trabalha melhor o otimismo deste universo e as rela\u00e7\u00f5es interpessoais.<\/p>\n","protected":false},"author":2,"featured_media":13082,"comment_status":"open","ping_status":"open","sticky":false,"template":"","format":"standard","meta":{"_mi_skip_tracking":false,"_exactmetrics_sitenote_active":false,"_exactmetrics_sitenote_note":"","_exactmetrics_sitenote_category":0,"footnotes":""},"categories":[2612,34],"tags":[976,142,331,1290,1287,1286,1292,737,1289,203,1044,1288,1285,1291,600,1001,736],"class_list":["post-13081","post","type-post","status-publish","format-standard","has-post-thumbnail","hentry","category-animacao","category-series-e-tv","tag-amazonprime","tag-critica","tag-dc","tag-garthennis","tag-invencivel","tag-invincible","tag-jupiterslegacy","tag-justiceleague","tag-markmillar","tag-marvel","tag-primevideo","tag-robertkirkman","tag-semspoilers","tag-superheroes","tag-superman","tag-theboys","tag-zacksnyder"],"_links":{"self":[{"href":"https:\/\/terranerdica.com.br\/index.php\/wp-json\/wp\/v2\/posts\/13081"}],"collection":[{"href":"https:\/\/terranerdica.com.br\/index.php\/wp-json\/wp\/v2\/posts"}],"about":[{"href":"https:\/\/terranerdica.com.br\/index.php\/wp-json\/wp\/v2\/types\/post"}],"author":[{"embeddable":true,"href":"https:\/\/terranerdica.com.br\/index.php\/wp-json\/wp\/v2\/users\/2"}],"replies":[{"embeddable":true,"href":"https:\/\/terranerdica.com.br\/index.php\/wp-json\/wp\/v2\/comments?post=13081"}],"version-history":[{"count":8,"href":"https:\/\/terranerdica.com.br\/index.php\/wp-json\/wp\/v2\/posts\/13081\/revisions"}],"predecessor-version":[{"id":19898,"href":"https:\/\/terranerdica.com.br\/index.php\/wp-json\/wp\/v2\/posts\/13081\/revisions\/19898"}],"wp:featuredmedia":[{"embeddable":true,"href":"https:\/\/terranerdica.com.br\/index.php\/wp-json\/wp\/v2\/media\/13082"}],"wp:attachment":[{"href":"https:\/\/terranerdica.com.br\/index.php\/wp-json\/wp\/v2\/media?parent=13081"}],"wp:term":[{"taxonomy":"category","embeddable":true,"href":"https:\/\/terranerdica.com.br\/index.php\/wp-json\/wp\/v2\/categories?post=13081"},{"taxonomy":"post_tag","embeddable":true,"href":"https:\/\/terranerdica.com.br\/index.php\/wp-json\/wp\/v2\/tags?post=13081"}],"curies":[{"name":"wp","href":"https:\/\/api.w.org\/{rel}","templated":true}]}}