{"id":12565,"date":"2020-12-11T08:16:10","date_gmt":"2020-12-11T11:16:10","guid":{"rendered":"http:\/\/terranerdica.com.br\/?p=12565"},"modified":"2020-12-11T10:33:38","modified_gmt":"2020-12-11T13:33:38","slug":"disney-investor-day-marvel-studios","status":"publish","type":"post","link":"https:\/\/terranerdica.com.br\/index.php\/2020\/12\/11\/disney-investor-day-marvel-studios\/","title":{"rendered":"Disney Investor Day: Marvel Studios"},"content":{"rendered":"<p><span style=\"font-weight: 400;\">Depois do lan\u00e7amento do servi\u00e7o de streaming <strong>Disney+<\/strong>, o rato saiu da toca mais uma vez, agora trazendo novidades sobre o que esta por vir, tanto em seu servi\u00e7o de streaming, quanto nas telonas do cinema. As novidades listadas aqui s\u00e3o referentes apenas da Marvel Studio, mas fique ciente que teve novidades tamb\u00e9m da Lucas Filmes, Pixar e muito mais.<\/span><\/p>\n<h4><strong>WandaVision<\/strong><\/h4>\n<p>A s\u00e9rie original do casal mais incomum, e um dos mais queridos do MCU teve sua data de estreia confirmada para o dia <strong>15 de Janeiro de 2021<\/strong>, chegando diretamente no Disney+. A s\u00e9rie ganhou um trailer in\u00e9dito que voc\u00ea poder\u00e1 conferir logo abaixo.<\/p>\n<div class=\"jeg_video_container jeg_video_content\"><iframe loading=\"lazy\" title=\"WandaVision | Marvel Studios | Trailer Oficial 2 Legendado | Disney+\" width=\"500\" height=\"281\" src=\"https:\/\/www.youtube.com\/embed\/b3v9DXCP1UQ?feature=oembed\" frameborder=\"0\" allow=\"accelerometer; autoplay; clipboard-write; encrypted-media; gyroscope; picture-in-picture; web-share\" referrerpolicy=\"strict-origin-when-cross-origin\" allowfullscreen><\/iframe><\/div>\n<h4><strong>Dr. Strange in the Multiverse of Madness<\/strong><\/h4>\n<p><span style=\"font-weight: 400;\">O <strong>Mago Supremo<\/strong> ir\u00e1 retornar aos cinemas no dia <strong>22 de Mar\u00e7o de 2022<\/strong>. Seu elenco confirmado conta com <strong>Benedict Cumberbatch<\/strong> (Dr. Estranho\/Stephen Strange), <strong>Elizabeth Olsen<\/strong> (Feiticeira Escarlate\/Wanda Maximoff), <strong>Benedict Wong<\/strong> (Wong), <strong>Rachel McAdams <\/strong>(Dr. Crhistine), <strong>Chiwetel Ejiofor<\/strong> (Mordo) e <strong>Xochitl Gomez<\/strong> (America Chavez). O longa ser\u00e1 dirigido por <strong>Sam Raimi<\/strong>, conhecido pela primeira trilogia do &#8220;<em>teioso&#8221;<\/em>. Fato importante, \u00e9 que o filme ter\u00e1 liga\u00e7\u00e3o direta com os acontecimentos de <em>WandaVision<\/em> e o pr\u00f3ximo filme do <em>Homem Aranha<\/em>.<\/span><\/p>\n<h4><strong>The Falcon and the Winter Soldier<\/strong><\/h4>\n<p>O legado do escudo continua! Falc\u00e3o e Soldado Invernal, retornar\u00e3o as telas para uma nova miss\u00e3o. A s\u00e9rie original tem estreia marcada para o dia 19 de Mar\u00e7o de 2021 no Disney+.\u00a0 A produ\u00e7\u00e3o ganhou trailer in\u00e9dito, confira:<\/p>\n<div class=\"jeg_video_container jeg_video_content\"><iframe loading=\"lazy\" title=\"Falc\u00e3o e o Soldado Invernal | Marvel Studios | Primeiro Conte\u00fado Exclusivo Dublado I Disney+\" width=\"500\" height=\"281\" src=\"https:\/\/www.youtube.com\/embed\/E2AE6GES9WQ?feature=oembed\" frameborder=\"0\" allow=\"accelerometer; autoplay; clipboard-write; encrypted-media; gyroscope; picture-in-picture; web-share\" referrerpolicy=\"strict-origin-when-cross-origin\" allowfullscreen><\/iframe><\/div>\n<h4><strong>Black Widow<\/strong><\/h4>\n<p>Antes de ser uma vingadora, existia a espi\u00e3. Scarlett Johansson (Natasha Romanoff\/V\u00eduva Negra), est\u00e1 de volta na pele da espi\u00e3 mais perigosa do mundo, para resolver quest\u00f5es do seu passado. O filme antecessor aos acontecimentos de Vingadores: Ultimato conta com dire\u00e7\u00e3o de Cate Shortland e tem previs\u00e3o de estreia nos cinemas no dia 07 de Maio de 2021.<\/p>\n<h4><strong>Loki<\/strong><\/h4>\n<p><strong><span style=\"font-weight: 400;\">O Deus da Trapa\u00e7a esta de volta para fazer a sua &#8220;maior vigarice&#8221;. <\/span><b>Tom Hiddleston<\/b><span style=\"font-weight: 400;\"> retorna em seu papel como Loki ap\u00f3s os acontecimentos de Ultimato. A s\u00e9rie tem previs\u00e3o de estreia para <\/span><b>Maio de 2021<\/b><span style=\"font-weight: 400;\"> no Disney+. A s\u00e9rie original ganhou trailer in\u00e9dito durante o evento.<\/span><\/strong><\/p>\n<div class=\"jeg_video_container jeg_video_content\"><iframe loading=\"lazy\" title=\"Loki | Marvel Studios | Conte\u00fado Exclusivo Legendado I Disney+\" width=\"500\" height=\"281\" src=\"https:\/\/www.youtube.com\/embed\/bEJI-DfxIxY?feature=oembed\" frameborder=\"0\" allow=\"accelerometer; autoplay; clipboard-write; encrypted-media; gyroscope; picture-in-picture; web-share\" referrerpolicy=\"strict-origin-when-cross-origin\" allowfullscreen><\/iframe><\/div>\n<p>&nbsp;<\/p>\n<p>WHAT IF&#8230;?<\/p>\n<p><span style=\"font-weight: 400;\">S\u00e9rie animada promete abordar as diferentes possibilidades dentro do MCU. A s\u00e9rie original chega durante o <strong>ver\u00e3o americano de 2021<\/strong>. A produ\u00e7\u00e3o ganhou trailer in\u00e9dito, trazendo o personagem <strong>Utah<\/strong>, um dos <strong>Vigias<\/strong>.<\/span><\/p>\n<div class=\"jeg_video_container jeg_video_content\"><iframe loading=\"lazy\" title=\"What If\u2026? | Marvel Studios | Primeiro Conte\u00fado Exclusivo Legendado | Disney+\" width=\"500\" height=\"281\" src=\"https:\/\/www.youtube.com\/embed\/RDWPqWhXl-U?feature=oembed\" frameborder=\"0\" allow=\"accelerometer; autoplay; clipboard-write; encrypted-media; gyroscope; picture-in-picture; web-share\" referrerpolicy=\"strict-origin-when-cross-origin\" allowfullscreen><\/iframe><\/div>\n<h4><b>Shang Chi and the Legend of the Ten Rings<\/b><\/h4>\n<p><span style=\"font-weight: 400;\">O longa teve suas filmagens encerradas e ganhou nova data de estreia nos cinemas, agora para o dia <strong>09 de Julho de 2021<\/strong>. Seu elenco promete grande representatividade, trazendo o ator <strong>Simu Liu<\/strong> (Shang Chi), <strong>Tony Leung<\/strong> (Wenwu), <strong>Awkwafina<\/strong> (Katy), <strong>Meng&#8217;er Zhang<\/strong> (Xialing), <strong>Michelle Yeoh<\/strong> (Jiang Nan), <strong>Ronny Chieng<\/strong> (Jon Jon), <strong>Fala Chen<\/strong> (Jiang Li) e <strong>Florian Munteanu<\/strong> (Razor Fists).<\/span><\/p>\n<h4><strong>Ms. Marvel<\/strong><\/h4>\n<p><span style=\"font-weight: 400;\">Com filmagens iniciada a pouco tempo, a s\u00e9rie original da Ms. Marvel far\u00e1 sua estreia no MCU no <strong>final de 2021<\/strong>, diretamente no Disney+. A atriz canadense <strong>Iman Vellani<\/strong> interpretar\u00e1 Kamala Khan. Confira o seu teaser, logo abaixo.<\/span><\/p>\n<div class=\"jeg_video_container jeg_video_content\"><iframe loading=\"lazy\" title=\"Ms.Marvel | Sizzle | Disney+\" width=\"500\" height=\"281\" src=\"https:\/\/www.youtube.com\/embed\/TKqOr0FGPkg?feature=oembed\" frameborder=\"0\" allow=\"accelerometer; autoplay; clipboard-write; encrypted-media; gyroscope; picture-in-picture; web-share\" referrerpolicy=\"strict-origin-when-cross-origin\" allowfullscreen><\/iframe><\/div>\n<h4><strong>Captain Marvel 2<\/strong><\/h4>\n<p><span style=\"font-weight: 400;\">A querid\u00edssima <strong>Brie Larson<\/strong> ir\u00e1 retornar ao seu papel de Captain Marvel, muito bem acompanhada! Seu elenco contar\u00e1 com adi\u00e7\u00e3o de <strong>Iman Vellani<\/strong> (Ms. Marvel) e <strong>Teyonah Parrus<\/strong> (Monica Rambeau). A dire\u00e7\u00e3o do filme estar\u00e1 nas m\u00e3os da cineasta <strong>Nia da Costa<\/strong> e o longa tem previs\u00e3o de estreia nos cinemas em <strong>11 de Novembro de 2022<\/strong>.<\/span><\/p>\n<h4><strong>Hawkeye<\/strong><\/h4>\n<p><span style=\"font-weight: 400;\">A s\u00e9rie dos arqueiros mais famosos da Marvel est\u00e3o com filmagens a todo vapor. Apesar de n\u00e3o ter sido anunciada uma data de estreia no Disney+, parte do seu elenco foi confirmada nesta semana. A atriz <strong>Hailee Steinfeld<\/strong> ser\u00e1 Kate Bishop, al\u00e9m da participa\u00e7\u00e3o de nomes como <strong>Vera Farmiga<\/strong>, <strong>Fra Free<\/strong> e <strong>Alaqua Cox<\/strong>. A s\u00e9rie ter\u00e1 epis\u00f3dios dirigidos por <strong>Rhys Thomas<\/strong> e a dupla de diretores <strong>Bert<\/strong> &amp; <strong>Bertie<\/strong>.<\/span><\/p>\n<p><img loading=\"lazy\" decoding=\"async\" width=\"300\" height=\"225\" class=\"alignleft size-medium wp-image-12569\" src=\"http:\/\/terranerdica.com.br\/wp-content\/uploads\/2020\/12\/Eoack5PXMAMnYWp-300x225.jpg\" alt=\"\" srcset=\"https:\/\/terranerdica.com.br\/wp-content\/uploads\/2020\/12\/Eoack5PXMAMnYWp-300x225.jpg 300w, https:\/\/terranerdica.com.br\/wp-content\/uploads\/2020\/12\/Eoack5PXMAMnYWp-768x576.jpg 768w, https:\/\/terranerdica.com.br\/wp-content\/uploads\/2020\/12\/Eoack5PXMAMnYWp-750x563.jpg 750w, https:\/\/terranerdica.com.br\/wp-content\/uploads\/2020\/12\/Eoack5PXMAMnYWp.jpg 1000w\" sizes=\"(max-width: 300px) 100vw, 300px\" \/> <img loading=\"lazy\" decoding=\"async\" width=\"300\" height=\"225\" class=\"alignleft size-medium wp-image-12570\" src=\"http:\/\/terranerdica.com.br\/wp-content\/uploads\/2020\/12\/EoaclJNW4AEf54C-300x225.jpg\" alt=\"\" srcset=\"https:\/\/terranerdica.com.br\/wp-content\/uploads\/2020\/12\/EoaclJNW4AEf54C-300x225.jpg 300w, https:\/\/terranerdica.com.br\/wp-content\/uploads\/2020\/12\/EoaclJNW4AEf54C-768x576.jpg 768w, https:\/\/terranerdica.com.br\/wp-content\/uploads\/2020\/12\/EoaclJNW4AEf54C-750x563.jpg 750w, https:\/\/terranerdica.com.br\/wp-content\/uploads\/2020\/12\/EoaclJNW4AEf54C.jpg 1000w\" sizes=\"(max-width: 300px) 100vw, 300px\" \/><\/p>\n<p>&nbsp;<\/p>\n<p>&nbsp;<\/p>\n<p>&nbsp;<\/p>\n<p>&nbsp;<\/p>\n<p>&nbsp;<\/p>\n<p>&nbsp;<\/p>\n<h4><strong>She-Hulk<\/strong><\/h4>\n<p><span style=\"font-weight: 400;\">Ap\u00f3s algumas controv\u00e9rsias, finalmente tivemos a confirma\u00e7\u00e3o que a premiada atriz <strong>Tatiana Maslany<\/strong> ser\u00e1 Jennifer Walters\/She-Hulk. O elenco contar\u00e1 com o retorno de <strong>Tim Roth<\/strong> como Abomin\u00e1vel e o carism\u00e1tico <strong>Mark Ruffalo<\/strong> como o pr\u00f3prio &#8220;<em>Gigante Esmeralda&#8221;<\/em>. Sem previs\u00e3o de estreia, a s\u00e9rie original tamb\u00e9m chegar\u00e1 ao Disney+. Sua dire\u00e7\u00e3o dos epis\u00f3dios ficar\u00e3o com <strong>Kat Coiro<\/strong> e <strong>Anu Valia<\/strong>.<\/span><\/p>\n<p><img loading=\"lazy\" decoding=\"async\" width=\"300\" height=\"300\" class=\"size-medium wp-image-12572 aligncenter\" src=\"http:\/\/terranerdica.com.br\/wp-content\/uploads\/2020\/12\/Eo6vnDaXcAMtOGS-300x300.jpg\" alt=\"\" srcset=\"https:\/\/terranerdica.com.br\/wp-content\/uploads\/2020\/12\/Eo6vnDaXcAMtOGS-300x300.jpg 300w, https:\/\/terranerdica.com.br\/wp-content\/uploads\/2020\/12\/Eo6vnDaXcAMtOGS-150x150.jpg 150w, https:\/\/terranerdica.com.br\/wp-content\/uploads\/2020\/12\/Eo6vnDaXcAMtOGS-768x768.jpg 768w, https:\/\/terranerdica.com.br\/wp-content\/uploads\/2020\/12\/Eo6vnDaXcAMtOGS-1024x1024.jpg 1024w, https:\/\/terranerdica.com.br\/wp-content\/uploads\/2020\/12\/Eo6vnDaXcAMtOGS-75x75.jpg 75w, https:\/\/terranerdica.com.br\/wp-content\/uploads\/2020\/12\/Eo6vnDaXcAMtOGS-750x750.jpg 750w, https:\/\/terranerdica.com.br\/wp-content\/uploads\/2020\/12\/Eo6vnDaXcAMtOGS-1140x1140.jpg 1140w, https:\/\/terranerdica.com.br\/wp-content\/uploads\/2020\/12\/Eo6vnDaXcAMtOGS.jpg 2000w\" sizes=\"(max-width: 300px) 100vw, 300px\" \/><\/p>\n<h4><strong>Iron Heart e Moon Knight<\/strong><\/h4>\n<p><span style=\"font-weight: 400;\">Ambos os her\u00f3is tiveram suas <em>s\u00e9ries individuais<\/em> confirmadas. <strong>Iron Heart<\/strong>, a hero\u00edna que substitui o Homem de Ferro em fases atuais dos quadrinhos, far\u00e1 sua estreia no MCU. A atriz <strong>Dominique Throne<\/strong> foi confirmada como Riri Williams, hero\u00edna que monta seu pr\u00f3prio traje de ferro.<\/span><\/p>\n<p><span style=\"font-weight: 400;\"><strong>Moon Knight<\/strong> trata-se de uma s\u00e9rie sobre o \u201c<em>complexo de vigilante<\/em>\u201d. A s\u00e9rie n\u00e3o teve seu elenco divulgado e nem sua data de estreia.<\/span><\/p>\n<p><img loading=\"lazy\" decoding=\"async\" width=\"300\" height=\"300\" class=\"alignleft size-medium wp-image-12573\" src=\"http:\/\/terranerdica.com.br\/wp-content\/uploads\/2020\/12\/Eo6wAwJXEAUjRkD-300x300.jpg\" alt=\"\" srcset=\"https:\/\/terranerdica.com.br\/wp-content\/uploads\/2020\/12\/Eo6wAwJXEAUjRkD-300x300.jpg 300w, https:\/\/terranerdica.com.br\/wp-content\/uploads\/2020\/12\/Eo6wAwJXEAUjRkD-150x150.jpg 150w, https:\/\/terranerdica.com.br\/wp-content\/uploads\/2020\/12\/Eo6wAwJXEAUjRkD-768x768.jpg 768w, https:\/\/terranerdica.com.br\/wp-content\/uploads\/2020\/12\/Eo6wAwJXEAUjRkD-1024x1024.jpg 1024w, https:\/\/terranerdica.com.br\/wp-content\/uploads\/2020\/12\/Eo6wAwJXEAUjRkD-75x75.jpg 75w, https:\/\/terranerdica.com.br\/wp-content\/uploads\/2020\/12\/Eo6wAwJXEAUjRkD-750x750.jpg 750w, https:\/\/terranerdica.com.br\/wp-content\/uploads\/2020\/12\/Eo6wAwJXEAUjRkD-1140x1140.jpg 1140w, https:\/\/terranerdica.com.br\/wp-content\/uploads\/2020\/12\/Eo6wAwJXEAUjRkD.jpg 2000w\" sizes=\"(max-width: 300px) 100vw, 300px\" \/><img loading=\"lazy\" decoding=\"async\" width=\"300\" height=\"300\" class=\"alignleft size-medium wp-image-12577\" src=\"http:\/\/terranerdica.com.br\/wp-content\/uploads\/2020\/12\/Eo6vzMcXEAQ80Y7-300x300.jpg\" alt=\"\" srcset=\"https:\/\/terranerdica.com.br\/wp-content\/uploads\/2020\/12\/Eo6vzMcXEAQ80Y7-300x300.jpg 300w, https:\/\/terranerdica.com.br\/wp-content\/uploads\/2020\/12\/Eo6vzMcXEAQ80Y7-150x150.jpg 150w, https:\/\/terranerdica.com.br\/wp-content\/uploads\/2020\/12\/Eo6vzMcXEAQ80Y7-768x768.jpg 768w, https:\/\/terranerdica.com.br\/wp-content\/uploads\/2020\/12\/Eo6vzMcXEAQ80Y7-1024x1024.jpg 1024w, https:\/\/terranerdica.com.br\/wp-content\/uploads\/2020\/12\/Eo6vzMcXEAQ80Y7-75x75.jpg 75w, https:\/\/terranerdica.com.br\/wp-content\/uploads\/2020\/12\/Eo6vzMcXEAQ80Y7-750x750.jpg 750w, https:\/\/terranerdica.com.br\/wp-content\/uploads\/2020\/12\/Eo6vzMcXEAQ80Y7-1140x1140.jpg 1140w, https:\/\/terranerdica.com.br\/wp-content\/uploads\/2020\/12\/Eo6vzMcXEAQ80Y7.jpg 2000w\" sizes=\"(max-width: 300px) 100vw, 300px\" \/><\/p>\n<p>&nbsp;<\/p>\n<p>&nbsp;<\/p>\n<p>&nbsp;<\/p>\n<p>&nbsp;<\/p>\n<p>&nbsp;<\/p>\n<p>&nbsp;<\/p>\n<p>&nbsp;<\/p>\n<p>Secret Invasion<\/p>\n<h4><span style=\"font-weight: 400;\">\u00a0<\/span><\/h4>\n<p><span style=\"font-weight: 400;\">Um dos maiores eventos dos quadrinhos estar\u00e1 chegando \u00e0s telas da Disney+. N\u00e3o sabemos ainda se a s\u00e9rie ter\u00e1 a mesma magnitude dos quadrinhos, mas tivemos a confirma\u00e7\u00e3o do retorno do ilustre <strong>Samuel L. Jackson<\/strong> como Nick Fury, al\u00e9m de <strong>Ben Mendelsohn<\/strong> como o Skrull Talos.<\/span><\/p>\n<h4><strong>Armor Wars<\/strong><\/h4>\n<p><span style=\"font-weight: 400;\">O ator <strong>Don Cheadle<\/strong> teve seu retorno confirmado as telas como James Rhodes\/M\u00e1quina de Combate na nova s\u00e9rie original Armor Wars. A s\u00e9rie reviver\u00e1 um dos piores pesadelos de Tony Stark: \u201c<em>O que aconteceria se suas armas ca\u00edssem em m\u00e3os erradas?<\/em>&#8220;. A s\u00e9rie ainda n\u00e3o possui previs\u00e3o de estreia no servi\u00e7o de streaming.<\/span><\/p>\n<p><img loading=\"lazy\" decoding=\"async\" width=\"300\" height=\"300\" class=\"size-medium wp-image-12574 aligncenter\" src=\"http:\/\/terranerdica.com.br\/wp-content\/uploads\/2020\/12\/Eo6wEzNW8AEYV0O-300x300.jpg\" alt=\"\" srcset=\"https:\/\/terranerdica.com.br\/wp-content\/uploads\/2020\/12\/Eo6wEzNW8AEYV0O-300x300.jpg 300w, https:\/\/terranerdica.com.br\/wp-content\/uploads\/2020\/12\/Eo6wEzNW8AEYV0O-150x150.jpg 150w, https:\/\/terranerdica.com.br\/wp-content\/uploads\/2020\/12\/Eo6wEzNW8AEYV0O-768x768.jpg 768w, https:\/\/terranerdica.com.br\/wp-content\/uploads\/2020\/12\/Eo6wEzNW8AEYV0O-1024x1024.jpg 1024w, https:\/\/terranerdica.com.br\/wp-content\/uploads\/2020\/12\/Eo6wEzNW8AEYV0O-75x75.jpg 75w, https:\/\/terranerdica.com.br\/wp-content\/uploads\/2020\/12\/Eo6wEzNW8AEYV0O-750x750.jpg 750w, https:\/\/terranerdica.com.br\/wp-content\/uploads\/2020\/12\/Eo6wEzNW8AEYV0O-1140x1140.jpg 1140w, https:\/\/terranerdica.com.br\/wp-content\/uploads\/2020\/12\/Eo6wEzNW8AEYV0O.jpg 2000w\" sizes=\"(max-width: 300px) 100vw, 300px\" \/><\/p>\n<h4><strong>The Guardians of the Galaxy: Holiday Special e I\u2019m Groot<\/strong><\/h4>\n<p><span style=\"font-weight: 400;\"><strong>James Gunn<\/strong> ir\u00e1 retornar na dire\u00e7\u00e3o e roteiro em <strong>The Guardians of the Galaxy: Holiday Special<\/strong>. O especial de fim ano dos Guardi\u00f5es chegar\u00e1 no Disney+ em <strong>2022<\/strong>.<\/span><\/p>\n<p><span style=\"font-weight: 400;\"><strong>I\u2019m Groot<\/strong> ser\u00e1 uma s\u00e9rie de mini-curtas com o beb\u00ea mais fofo da Gal\u00e1xia (<em>Desculpa, Baby Yoda<\/em>). A s\u00e9rie contar\u00e1 com algumas participa\u00e7\u00f5es especiais, mas n\u00e3o tivemos a confirma\u00e7\u00e3o se James Gunn ir\u00e1 dirigir ou realizar a captura de movimentos da pequena \u00e1rvore.<\/span><\/p>\n<p><img loading=\"lazy\" decoding=\"async\" width=\"300\" height=\"300\" class=\"size-medium wp-image-12576 aligncenter\" src=\"http:\/\/terranerdica.com.br\/wp-content\/uploads\/2020\/12\/Eo6wSm5WMAA8I8B-300x300.jpg\" alt=\"\" srcset=\"https:\/\/terranerdica.com.br\/wp-content\/uploads\/2020\/12\/Eo6wSm5WMAA8I8B-300x300.jpg 300w, https:\/\/terranerdica.com.br\/wp-content\/uploads\/2020\/12\/Eo6wSm5WMAA8I8B-150x150.jpg 150w, https:\/\/terranerdica.com.br\/wp-content\/uploads\/2020\/12\/Eo6wSm5WMAA8I8B-768x768.jpg 768w, https:\/\/terranerdica.com.br\/wp-content\/uploads\/2020\/12\/Eo6wSm5WMAA8I8B-1024x1024.jpg 1024w, https:\/\/terranerdica.com.br\/wp-content\/uploads\/2020\/12\/Eo6wSm5WMAA8I8B-75x75.jpg 75w, https:\/\/terranerdica.com.br\/wp-content\/uploads\/2020\/12\/Eo6wSm5WMAA8I8B-750x750.jpg 750w, https:\/\/terranerdica.com.br\/wp-content\/uploads\/2020\/12\/Eo6wSm5WMAA8I8B-1140x1140.jpg 1140w, https:\/\/terranerdica.com.br\/wp-content\/uploads\/2020\/12\/Eo6wSm5WMAA8I8B.jpg 2000w\" sizes=\"(max-width: 300px) 100vw, 300px\" \/><\/p>\n<h4><strong>Thor: Love &amp; Thunder<\/strong><\/h4>\n<p><span style=\"font-weight: 400;\">O longa dos Deuses do Trov\u00e3o teve a confirma\u00e7\u00e3o da adi\u00e7\u00e3o de <strong>Christian Bale<\/strong> como o vil\u00e3o Gorr, O Carniceiro dos Deuses. Seu elenco conta com <strong>Chris Hemsworth<\/strong> retornando no papel de Thor Odinson, al\u00e9m de <strong>Natalie Portman<\/strong> (Jane Foster\/Thor), <strong>Tessa Thompson<\/strong> (Valkyria) e <strong>Chris Pratt<\/strong> (Peter Quill\/Senhor das Estrelas). A dire\u00e7\u00e3o \u00e9 do genial <strong>Taika Waititi<\/strong>. O longa ter\u00e1 estreia nos cinemas em <strong>06 de Maio de 2022<\/strong>.<\/span><\/p>\n<h4><strong>Ant-Man and the Wasp: Quantunmania<\/strong><\/h4>\n<p><span style=\"font-weight: 400;\">Mesmo com a incerteza de uma nova produ\u00e7\u00e3o, parece que os f\u00e3s salvaram essa continua\u00e7\u00e3o. Os amados, <strong>Paul Rudd<\/strong> (Scott Lang\/Homem Formiga) e <strong>Evangeline Lilly<\/strong> (Hope Van Dyne\/Vespa) retornar\u00e3o para o terceiro filme da &#8220;<em>fam\u00edlia inseto<\/em>&#8220;. <strong>Michael Douglas<\/strong> (Hank Pym) e <strong>Michelle Pfeiffer<\/strong> (Janet Van Dyne) ir\u00e3o retornar para o elenco. <strong>Kathryn Newton<\/strong> se juntar\u00e1 ao elenco como Cassie Lang e <strong>Jonathan Majors<\/strong> ser\u00e1 o grande vil\u00e3o Kang, O Conquistador.<\/span><\/p>\n<p><img loading=\"lazy\" decoding=\"async\" width=\"300\" height=\"300\" class=\"size-medium wp-image-12575 aligncenter\" src=\"http:\/\/terranerdica.com.br\/wp-content\/uploads\/2020\/12\/Eo6wgUMXUAAMpN3-300x300.jpg\" alt=\"\" srcset=\"https:\/\/terranerdica.com.br\/wp-content\/uploads\/2020\/12\/Eo6wgUMXUAAMpN3-300x300.jpg 300w, https:\/\/terranerdica.com.br\/wp-content\/uploads\/2020\/12\/Eo6wgUMXUAAMpN3-150x150.jpg 150w, https:\/\/terranerdica.com.br\/wp-content\/uploads\/2020\/12\/Eo6wgUMXUAAMpN3-768x768.jpg 768w, https:\/\/terranerdica.com.br\/wp-content\/uploads\/2020\/12\/Eo6wgUMXUAAMpN3-1024x1024.jpg 1024w, https:\/\/terranerdica.com.br\/wp-content\/uploads\/2020\/12\/Eo6wgUMXUAAMpN3-75x75.jpg 75w, https:\/\/terranerdica.com.br\/wp-content\/uploads\/2020\/12\/Eo6wgUMXUAAMpN3-750x750.jpg 750w, https:\/\/terranerdica.com.br\/wp-content\/uploads\/2020\/12\/Eo6wgUMXUAAMpN3-1140x1140.jpg 1140w, https:\/\/terranerdica.com.br\/wp-content\/uploads\/2020\/12\/Eo6wgUMXUAAMpN3.jpg 2000w\" sizes=\"(max-width: 300px) 100vw, 300px\" \/><\/p>\n<h4><strong>Black Panther 2<\/strong><\/h4>\n<p><span style=\"font-weight: 400;\">O longa continuar\u00e1 com o roteiro e dire\u00e7\u00e3o nas m\u00e3os de <strong>Ryan Coogler<\/strong>. Em mem\u00f3ria do ator <strong>Chadwick Boseman<\/strong>, n\u00e3o haver\u00e1 a substitui\u00e7\u00e3o do ator. A Marvel Studios pretende explorar ainda mais o cen\u00e1rio de Wakanda e de seus personagens apresentados no primeiro filme.<\/span><\/p>\n<h4><strong>Fantastic Four<\/strong><\/h4>\n<p><span style=\"font-weight: 400;\">Sim, voc\u00ea n\u00e3o leu errado! O retorno da fam\u00edlia de her\u00f3is mais famosa dos quadrinhos ir\u00e1 acontecer, agora debaixo das asas da Marvel Studio. O filme contar\u00e1 com a dire\u00e7\u00e3o de <strong>Jon Watts<\/strong> (Homem Aranha: De Volta Ao Lar\/Longe de Casa), mas ainda sem previs\u00e3o de estreia e sem maiores informa\u00e7\u00f5es de elenco.<\/span><\/p>\n<blockquote class=\"twitter-tweet\" data-width=\"500\" data-dnt=\"true\">\n<p lang=\"en\" dir=\"ltr\">Jon Watts will direct the new feature film for Marvel&#39;s First Family, Fantastic Four! <a href=\"https:\/\/t.co\/Eu26ghxbGT\">pic.twitter.com\/Eu26ghxbGT<\/a><\/p>\n<p>&mdash; Marvel Studios (@MarvelStudios) <a href=\"https:\/\/twitter.com\/MarvelStudios\/status\/1337200479063994368?ref_src=twsrc%5Etfw\">December 11, 2020<\/a><\/p><\/blockquote>\n<p><script async src=\"https:\/\/platform.twitter.com\/widgets.js\" charset=\"utf-8\"><\/script><\/p>\n<p>E ai? Ficou ansioso para qual estreia?<\/p>\n<p>&nbsp;<\/p>\n","protected":false},"excerpt":{"rendered":"<p>Depois do lan\u00e7amento do servi\u00e7o de streaming Disney+, o rato saiu da toca mais uma vez, agora trazendo novidades sobre o que esta por vir, tanto em seu servi\u00e7o de streaming, quanto nas telonas do cinema. As novidades listadas aqui s\u00e3o referentes apenas da Marvel Studio, mas fique ciente que teve novidades tamb\u00e9m da Lucas [&hellip;]<\/p>\n","protected":false},"author":20,"featured_media":12566,"comment_status":"open","ping_status":"open","sticky":false,"template":"","format":"standard","meta":{"_mi_skip_tracking":false,"_exactmetrics_sitenote_active":false,"_exactmetrics_sitenote_note":"","_exactmetrics_sitenote_category":0,"footnotes":""},"categories":[587,27,29,588,34],"tags":[1166,1160,156,1153,1155,1172,1161,1167,1169,1163,886,1164,1159,1154,1171,1168,1174,1173,1165,1158,1162,1170,1157,796,1156],"class_list":["post-12565","post","type-post","status-publish","format-standard","has-post-thumbnail","hentry","category-disney","category-eventos","category-filmes","category-marvel","category-series-e-tv","tag-armor-wars","tag-captain-marvel-2","tag-disney","tag-dr-estranho","tag-falcao-e-o-soldado-invernal","tag-fantastic-four","tag-hawkeye","tag-homem-formiga-e-vespa","tag-im-groot","tag-iron-heart","tag-loki","tag-moon-knight","tag-ms-marvel","tag-multiverse-of-madness","tag-pantera-negra-2","tag-quantunmania","tag-ryan-coogler","tag-sam-raimi","tag-secret-invasion","tag-shang-chi","tag-she-hulk","tag-thor-lovethunder","tag-viuva-negra","tag-wandavision","tag-what-if"],"_links":{"self":[{"href":"https:\/\/terranerdica.com.br\/index.php\/wp-json\/wp\/v2\/posts\/12565"}],"collection":[{"href":"https:\/\/terranerdica.com.br\/index.php\/wp-json\/wp\/v2\/posts"}],"about":[{"href":"https:\/\/terranerdica.com.br\/index.php\/wp-json\/wp\/v2\/types\/post"}],"author":[{"embeddable":true,"href":"https:\/\/terranerdica.com.br\/index.php\/wp-json\/wp\/v2\/users\/20"}],"replies":[{"embeddable":true,"href":"https:\/\/terranerdica.com.br\/index.php\/wp-json\/wp\/v2\/comments?post=12565"}],"version-history":[{"count":9,"href":"https:\/\/terranerdica.com.br\/index.php\/wp-json\/wp\/v2\/posts\/12565\/revisions"}],"predecessor-version":[{"id":12584,"href":"https:\/\/terranerdica.com.br\/index.php\/wp-json\/wp\/v2\/posts\/12565\/revisions\/12584"}],"wp:featuredmedia":[{"embeddable":true,"href":"https:\/\/terranerdica.com.br\/index.php\/wp-json\/wp\/v2\/media\/12566"}],"wp:attachment":[{"href":"https:\/\/terranerdica.com.br\/index.php\/wp-json\/wp\/v2\/media?parent=12565"}],"wp:term":[{"taxonomy":"category","embeddable":true,"href":"https:\/\/terranerdica.com.br\/index.php\/wp-json\/wp\/v2\/categories?post=12565"},{"taxonomy":"post_tag","embeddable":true,"href":"https:\/\/terranerdica.com.br\/index.php\/wp-json\/wp\/v2\/tags?post=12565"}],"curies":[{"name":"wp","href":"https:\/\/api.w.org\/{rel}","templated":true}]}}