{"id":12085,"date":"2020-10-09T16:20:48","date_gmt":"2020-10-09T19:20:48","guid":{"rendered":"http:\/\/terranerdica.com.br\/?p=12085"},"modified":"2020-10-09T18:40:17","modified_gmt":"2020-10-09T21:40:17","slug":"tnapresenta-artistas-independentes-decupando-producoes","status":"publish","type":"post","link":"https:\/\/terranerdica.com.br\/index.php\/2020\/10\/09\/tnapresenta-artistas-independentes-decupando-producoes\/","title":{"rendered":"#TNApresenta Artistas Independentes | Decupando Produ\u00e7\u00f5es"},"content":{"rendered":"<p><span style=\"font-weight: 400\">A <strong>Decupando Produ\u00e7\u00f5es<\/strong> \u00e9 uma empresa voltada para produ\u00e7\u00f5es audiovisuais. Seu surgimento veio da necessidade de seus fundadores poderem ancorar uma marca a suas produ\u00e7\u00f5es. Seus fundadores s\u00e3o <strong>Larissa Estevam<\/strong>, 21 anos, residente de <strong>Duque de Caxias<\/strong>, na <strong>Baixada Fluminense<\/strong>, roteirista formada em M\u00eddias Digitais e cursando Produ\u00e7\u00e3o Cultural na IFRJ e seu parceiro <strong>Wying Yang<\/strong>, 25 anos, residente de <strong>Manguinhos<\/strong>, bairro da <strong>Zona Norte<\/strong> do <strong>Rio de Janeiro<\/strong>, editor, estagi\u00e1rio no <strong>Ponto Cine<\/strong>, um dos maiores <strong>Centros Culturais<\/strong> de cinema brasileiro e tamb\u00e9m cursando Produ\u00e7\u00e3o Cultural na IFRJ.<\/span><\/p>\n<p><img loading=\"lazy\" decoding=\"async\" width=\"1280\" height=\"853\" class=\"aligncenter wp-image-12086 size-full\" src=\"http:\/\/terranerdica.com.br\/wp-content\/uploads\/2020\/10\/d488d655-054b-4cf9-929e-c1cba3f196b2.jpg\" alt=\"\" srcset=\"https:\/\/terranerdica.com.br\/wp-content\/uploads\/2020\/10\/d488d655-054b-4cf9-929e-c1cba3f196b2.jpg 1280w, https:\/\/terranerdica.com.br\/wp-content\/uploads\/2020\/10\/d488d655-054b-4cf9-929e-c1cba3f196b2-300x200.jpg 300w, https:\/\/terranerdica.com.br\/wp-content\/uploads\/2020\/10\/d488d655-054b-4cf9-929e-c1cba3f196b2-768x512.jpg 768w, https:\/\/terranerdica.com.br\/wp-content\/uploads\/2020\/10\/d488d655-054b-4cf9-929e-c1cba3f196b2-1024x682.jpg 1024w, https:\/\/terranerdica.com.br\/wp-content\/uploads\/2020\/10\/d488d655-054b-4cf9-929e-c1cba3f196b2-750x500.jpg 750w, https:\/\/terranerdica.com.br\/wp-content\/uploads\/2020\/10\/d488d655-054b-4cf9-929e-c1cba3f196b2-1140x760.jpg 1140w\" sizes=\"(max-width: 1280px) 100vw, 1280px\" \/><\/p>\n<p><span style=\"font-weight: 400\">Com aporte da <strong>Secretaria de Cultura e Economia Criativa do Rio de Janeiro<\/strong>, a Decupando estreou em seu canal no YouTube o seu mais novo curta: \u201c<em>Sozinho<\/em>\u201d, de forma gratuita. <em>\u201cSozinho\u201d<\/em> \u00e9 um curta-metragem introspectivo, retratando a luta contra a solid\u00e3o e as perturba\u00e7\u00f5es geradas pela mesma, al\u00e9m do questionamento pela pr\u00f3pria sanidade.\u00a0<\/span><\/p>\n<div class=\"jeg_video_container jeg_video_content\"><iframe loading=\"lazy\" title=\"SOZINHO\" width=\"500\" height=\"281\" src=\"https:\/\/www.youtube.com\/embed\/pkB8C-grxeo?start=2&#038;feature=oembed\" frameborder=\"0\" allow=\"accelerometer; autoplay; clipboard-write; encrypted-media; gyroscope; picture-in-picture; web-share\" referrerpolicy=\"strict-origin-when-cross-origin\" allowfullscreen><\/iframe><\/div>\n<blockquote><p><em><span style=\"font-weight: 400\">&#8220;A ideia de \u201cSozinho\u201d surgiu quando nos demos conta que muitas pessoas estavam sozinhas durante quarentena, mesmo aquelas que estavam convivendo com mais gente. \u00c9 um momento delicado que estamos passando. Muitas pessoas est\u00e3o perdendo seus familiares e seus empregos. \u201cSozinho\u201d \u00e9 isso, a identifica\u00e7\u00e3o e a interpreta\u00e7\u00e3o de cada dor viva durante esse tempo&#8221;.<\/span><\/em><\/p><\/blockquote>\n<p><span style=\"font-weight: 400\">Entrevistamos a dupla sobre o que eles tem feito durante quarentena, os desafios de produzir um curta neste per\u00edodo, e muito mais. Larissa e Wying nos contaram que apesar do tempo ocioso no in\u00edcio, eles aproveitaram para colocar todas as s\u00e9ries em dias, rever filmes antigos e novos, cantar bem alto e ler livros. O novo <em>hobby<\/em> deles nesse per\u00edodo foram os jogos de tabuleiros, sendo os favorito deles, o <strong>Monopoly<\/strong>, <strong>Detetive<\/strong>, <strong>Ludo<\/strong> e o card game <strong>Dark Stories<\/strong>. Disseram tamb\u00e9m que se aventuraram nos <strong>MOBA<\/strong> e andam jogando bastante <strong>League of Legends<\/strong>. Wying citou pra gente que a Larissa \u00e9 bastante competitiva e que ela &#8220;<em>amassa<\/em>&#8221; em alguns jogos.<\/span><\/p>\n<blockquote><p><em><span style=\"font-weight: 400\">&#8220;Depois que o edital para fazer o curta-metragem apareceu, nos focamos ao m\u00e1ximo em busca de refer\u00eancias, para caso j\u00e1 fossemos contemplados, assim ficar\u00edamos adiantados no processo de grava\u00e7\u00e3o&#8221;.<\/span><\/em><\/p><\/blockquote>\n<h4>Filmagens<\/h4>\n<p><span style=\"font-weight: 400\">Para produtores culturais, os cr\u00e9ditos de uma produ\u00e7\u00e3o \u00e9 t\u00e3o importante quanto sua obra cultural, pois al\u00e9m de definir bem o que cada profissional produziu, s\u00e3o uma janela para novas oportunidades. Com a pandemia, a produ\u00e7\u00e3o por tr\u00e1s do curta ficou bem limitada, se fechando apenas na dupla. Segundo Wying, eles fizeram um pouco de tudo. H\u00e1 fun\u00e7\u00f5es quase fixas, como ele ser respons\u00e1vel pela trilha sonora, assim como a Larissa ser respons\u00e1vel pelo figurino e pelo material de arte. Quando o roteiro \u00e9 feito por apenas por um deles, aquele que escreveu fica com a dire\u00e7\u00e3o do curta.<\/span><\/p>\n<blockquote><p><em><span style=\"font-weight: 400\">&#8220;Temos no\u00e7\u00e3o que um bom filme precisa de uma boa equipe. Cinco, seis pessoas pensando em suas designa\u00e7\u00f5es, s\u00e3o melhores que duas pra pensar num filme inteiro&#8221;.<\/span><\/em><\/p><\/blockquote>\n<p><span style=\"font-weight: 400\">Sobre os equipamentos utilizados, eles relataram que realizaram as filmagens do curta-metragem utilizando uma c\u00e2mera DSLR Canon T5. E que queriam aproveitar a ilumina\u00e7\u00e3o da pr\u00f3pria casa, para que passasse um tom realista, mas que precisou utilizar as lanternas de celulares nas cenas mais escuras, para conseguir ver minimamente algo. Segundo eles, foram as cenas mais desafiadoras do curta.<\/span><\/p>\n<blockquote><p><em><span style=\"font-weight: 400\">&#8220;A cena que o vulto passa no corredor foi mega dif\u00edcil de fazer a c\u00e2mera captar, porque estava completamente escuro, a gente tinha desligado a luz geral da casa. Ent\u00e3o, pegamos uma luz de emerg\u00eancia e colocamos l\u00e1 atr\u00e1s de onde eu saia, foi dif\u00edcil achar a posi\u00e7\u00e3o certa da luz para que ela ficasse suave e mostrasse apenas a minha silhueta. Por fim acabamos colocando uma sacola branca opaca para suavizar a luz que vinha e ficou perfeita&#8221;.<\/span><\/em><\/p><\/blockquote>\n<h4>Audiovisual no Brasil<\/h4>\n<p><span style=\"font-weight: 400\">Viver no Brasil n\u00e3o \u00e9 para fracos, de arte e cultura ent\u00e3o nem se fala. Desde o mandato do atual governo, tivemos diversos epis\u00f3dios de descaso com a cultura e principalmente com a <strong>Ancine<\/strong> (Ag\u00eancia Nacional do Cinema). A dupla nos contou um pouco de como s\u00e3o afetados com essas mudan\u00e7as. Larissa iniciou dizendo que para seguir na produ\u00e7\u00e3o tem que ser forte e gostar muito do que faz, porque mesmo nesse per\u00edodo de pandemia, onde o setor da cultura foi um dos mais afetados, muito se reclamou da <strong>Lei Aldir Blanc<\/strong> (Lei que prev\u00ea a\u00e7\u00f5es emergenciais destinadas ao setor cultural durante o estado de calamidade, em fun\u00e7\u00e3o da Covid-19), assim como reclamaram do <strong>Aux\u00edlio Emergencial<\/strong>, por\u00e9m na hora de assistir pe\u00e7as online, assistirem live de sertanejo quase n\u00e3o se lembram dos profissionais envolvidos. Tudo nesse per\u00edodo precisou de material audiovisual e o governo continua sucateando a Ancine.<\/span><\/p>\n<blockquote><p><em><span style=\"font-weight: 400\">\u201cA cultura \u00e9 para todos, est\u00e1 previsto em lei, n\u00e3o s\u00f3 para quem segue o governo. Falar mal de \u201cBruna Surfistinha\u201d e arrancar os cartazes na Ancine foi mais uma das jogadas de marketing \u201cdele\u201d. Mas temos que seguir, n\u00e3o \u00e9 a primeira vez que nos atacam e n\u00e3o vai ser a \u00faltima. O cinema sempre vai existir e resistir, afinal, \u00e9 o que fazemos\u201d.<\/span><\/em><\/p><\/blockquote>\n<h4>Famosos<\/h4>\n<p><span style=\"font-weight: 400\">Perguntamos a Larissa e ao Wying se eles tinham interesse de ter um \u201cator-assinatura\u201d, assim como muitos diretores que sempre convidam os mesmos atores para suas produ\u00e7\u00f5es, ou interesse de trabalhar com alguma estrela. Para Wying seria um sonho trabalhar com a <strong>Fernanda Montenegro<\/strong>. Disse que j\u00e1 teve contato com ela, mas n\u00e3o no meio audiovisual, mas que ela \u00e9 uma profissional completa. J\u00e1 Larissa, admira muito <strong>F\u00e1bio Assun\u00e7\u00e3o<\/strong>, que al\u00e9m da beleza do ator, o mesmo \u00e9 muito simp\u00e1tico. Salientou que o ator \u00e9 muito profissional em cena e que ele \u00e9 uma inspira\u00e7\u00e3o para si.<\/span><\/p>\n<h4>Projetos Futuros<\/h4>\n<p><span style=\"font-weight: 400\">A dupla nos contou que tem pelo menos mais dois curtas-metragens encaminhados para lan\u00e7amentos ainda, mas que ainda n\u00e3o podem revelar os nomes, pediram que para que todos ficassem de olhos em sua rede social no <a href=\"https:\/\/www.instagram.com\/decupandoproducoes\/\">Instagram<\/a> para maiores informa\u00e7\u00f5es.<\/span><\/p>\n<p>&nbsp;<\/p>\n<p>Apoiem o cinema o nacional!!!<\/p>\n<p>&nbsp;<\/p>\n","protected":false},"excerpt":{"rendered":"<p>A Decupando Produ\u00e7\u00f5es \u00e9 uma empresa voltada para produ\u00e7\u00f5es audiovisuais. Seu surgimento veio da necessidade de seus fundadores poderem ancorar uma marca a suas produ\u00e7\u00f5es. Seus fundadores s\u00e3o Larissa Estevam, 21 anos, residente de Duque de Caxias, na Baixada Fluminense, roteirista formada em M\u00eddias Digitais e cursando Produ\u00e7\u00e3o Cultural na IFRJ e seu parceiro Wying [&hellip;]<\/p>\n","protected":false},"author":20,"featured_media":12087,"comment_status":"open","ping_status":"open","sticky":false,"template":"","format":"standard","meta":{"_mi_skip_tracking":false,"_exactmetrics_sitenote_active":false,"_exactmetrics_sitenote_note":"","_exactmetrics_sitenote_category":0,"footnotes":""},"categories":[29],"tags":[1034,1036,82,1035,1037],"class_list":["post-12085","post","type-post","status-publish","format-standard","has-post-thumbnail","hentry","category-filmes","tag-artistas-independentes","tag-audiovisual","tag-cinema-brasileiro","tag-decupando-producoes","tag-sozinho"],"_links":{"self":[{"href":"https:\/\/terranerdica.com.br\/index.php\/wp-json\/wp\/v2\/posts\/12085"}],"collection":[{"href":"https:\/\/terranerdica.com.br\/index.php\/wp-json\/wp\/v2\/posts"}],"about":[{"href":"https:\/\/terranerdica.com.br\/index.php\/wp-json\/wp\/v2\/types\/post"}],"author":[{"embeddable":true,"href":"https:\/\/terranerdica.com.br\/index.php\/wp-json\/wp\/v2\/users\/20"}],"replies":[{"embeddable":true,"href":"https:\/\/terranerdica.com.br\/index.php\/wp-json\/wp\/v2\/comments?post=12085"}],"version-history":[{"count":5,"href":"https:\/\/terranerdica.com.br\/index.php\/wp-json\/wp\/v2\/posts\/12085\/revisions"}],"predecessor-version":[{"id":12092,"href":"https:\/\/terranerdica.com.br\/index.php\/wp-json\/wp\/v2\/posts\/12085\/revisions\/12092"}],"wp:featuredmedia":[{"embeddable":true,"href":"https:\/\/terranerdica.com.br\/index.php\/wp-json\/wp\/v2\/media\/12087"}],"wp:attachment":[{"href":"https:\/\/terranerdica.com.br\/index.php\/wp-json\/wp\/v2\/media?parent=12085"}],"wp:term":[{"taxonomy":"category","embeddable":true,"href":"https:\/\/terranerdica.com.br\/index.php\/wp-json\/wp\/v2\/categories?post=12085"},{"taxonomy":"post_tag","embeddable":true,"href":"https:\/\/terranerdica.com.br\/index.php\/wp-json\/wp\/v2\/tags?post=12085"}],"curies":[{"name":"wp","href":"https:\/\/api.w.org\/{rel}","templated":true}]}}