{"id":11632,"date":"2020-06-15T14:07:48","date_gmt":"2020-06-15T17:07:48","guid":{"rendered":"http:\/\/terranerdica.com.br\/?p=11632"},"modified":"2021-01-29T10:14:39","modified_gmt":"2021-01-29T13:14:39","slug":"novidades-the-batman-a-polemica-de-robert-pattinson-e-o-coringa-no-novo-filme-da-dc-tndrops","status":"publish","type":"post","link":"https:\/\/terranerdica.com.br\/index.php\/2020\/06\/15\/novidades-the-batman-a-polemica-de-robert-pattinson-e-o-coringa-no-novo-filme-da-dc-tndrops\/","title":{"rendered":"Novidades The Batman &#8211; A Pol\u00eamica de Robert Pattinson e o Coringa no Novo Filme da DC | #TNDrops"},"content":{"rendered":"<p><em><strong>The Batman<\/strong><\/em> ser\u00e1 uma trilogia e ter\u00e1 um novo <strong>Coringa<\/strong>? Primeira sequ\u00eancia pode adaptar <em><strong>A Piada Mortal?<\/strong><\/em> <strong>Paul Dano<\/strong> conta que foi surpreendido pelo roteiro do filme, <strong>Robert Pattinson<\/strong> admite n\u00e3o estar malhando para o papel e que descobriu que foi escalado durante a grava\u00e7\u00e3o de <em><strong>Tenet<\/strong><\/em>. Confira tamb\u00e9m a incr\u00edvel arte de <strong>DaTrinti<\/strong> , detalhes do <strong>Batm\u00f3vel<\/strong>, quando ir\u00e3o retornar as filmagens e outras novidades do novo filme da <strong>DC<\/strong>.<\/p>\n<p><iframe loading=\"lazy\" title=\"NOVIDADES THE BATMAN - A Pol\u00eamica de Robert Pattinson e o Coringa no Novo Filme da DC | #TNDrops\" width=\"500\" height=\"281\" src=\"https:\/\/www.youtube.com\/embed\/JHDAXqTub_0?feature=oembed\" frameborder=\"0\" allow=\"accelerometer; autoplay; clipboard-write; encrypted-media; gyroscope; picture-in-picture; web-share\" referrerpolicy=\"strict-origin-when-cross-origin\" allowfullscreen><\/iframe><\/p>\n<p>Em primeiro lugar, para quem n\u00e3o sabe, The Batman ser\u00e1 o filme que servir\u00e1 de <em>reboot<\/em> e introdu\u00e7\u00e3o do super-her\u00f3i <strong>Batman<\/strong>, por\u00e9m, n\u00e3o fazendo parte do <strong>Universo Compartilhado da DC<\/strong>. Ter\u00e1 o ator <strong>Jeffrey Wright<\/strong> interpretando o <strong>Detetive Jim Gordon<\/strong> que afirmou recentemente que j\u00e1 leu o roteiro e que o filme \u00e9, segundo ele, <em>a pr\u00f3xima evolu\u00e7\u00e3o para a mitologia her\u00f3i<\/em>. Em entrevista ao <strong>The Hollywood Reporter,<\/strong> o ator afirmou que a produ\u00e7\u00e3o est\u00e1 concentrada em criar uma atmosfera \u00fanica para o Homem-Morcego nos cinemas.<\/p>\n<p><img decoding=\"async\" src=\"https:\/\/oquartonerd.com.br\/wp-content\/uploads\/2020\/05\/westworld-season-2-bernard-1360x765-1.jpg\" alt=\"Jeffrey Wright diz que &quot;The Batman&quot; \u00e9 a &quot;pr\u00f3xima evolu\u00e7\u00e3o&quot; da ...\" \/><\/p>\n<p>&nbsp;<\/p>\n<p><img loading=\"lazy\" decoding=\"async\" class=\"alignright\" src=\"https:\/\/cdn.ome.lt\/y4Cq-XqTrdeqzTqVxekHCKoL_gY=\/480x360\/smart\/extras\/conteudos\/the-bat.jpg\" alt=\"Omelete | Quarentena | Coronav\u00edrus\" width=\"239\" height=\"179\" \/><\/p>\n<p>As filmagens j\u00e1 haviam come\u00e7ado, mas, como todas as produ\u00e7\u00f5es recentes, tiveram uma pausa por conta da pandemia do<strong> Covid-19<\/strong>, por\u00e9m, j\u00e1 tem data para retomar filmagens em breve com a b\u00ean\u00e7\u00e3o do pr\u00f3prio governo brit\u00e2nico.\u00a0Al\u00e9m disto, um novo modelo do Batm\u00f3vel tamb\u00e9m est\u00e1 sendo preparado para o filme e alguns detalhes j\u00e1 foram revelados no Twitter pelo diretor <strong>Matt Reeves<\/strong>. Nas imagens, vemos um design muito mais cl\u00e1ssico, lembrando os modelos antigos dos quadrinhos e desenhos, e um design que lembra um morcego na traseira do carro.<\/p>\n<p>E falando no pr\u00f3prio Batman, o super-her\u00f3i ser\u00e1 interpretado pelo ator Robert Pattinson, ele mesmo que voc\u00ea lembra como o vampiro Edward Cullen da <strong><em>Saga Crep\u00fasculo<\/em><\/strong>, diz que descobriu que seria o Batman no 1\u00ba dia de filmagens para o filme <strong><em>Tenet<\/em><\/strong>, do diretor <strong>Christopher Nolan<\/strong>. Christopher Nolan dirigiu a trilogia do <em><strong>Batman: O Cavaleiro das Trevas<\/strong><\/em> de 2005 a 2012, ser\u00e1 que ele tamb\u00e9m est\u00e1 envolvido na produ\u00e7\u00e3o? Al\u00e9m disto, o ator Robert Pattinson admite n\u00e3o estar malhando para o papel durante o isolamento. Segundo o ator, ele est\u00e1 essencialmente em um plano de nutri\u00e7\u00e3o para o papel de Batman e que est\u00e1 comendo aveia com prote\u00edna de baunilha em p\u00f3.<img decoding=\"async\" src=\"https:\/\/i2.wp.com\/pipocasclub.com.br\/wp-content\/uploads\/2020\/06\/tenet-1.jpg?fit=1280%2C720&amp;ssl=1\" alt=\"Tenet' tem estreia adiada para agosto no Brasil | Pipocas Club\" \/><\/p>\n<p><img loading=\"lazy\" decoding=\"async\" class=\"alignleft\" src=\"https:\/\/i.pinimg.com\/originals\/c0\/db\/04\/c0db04ac5cb9dca384a279334936c618.png\" alt=\"Batman meets the Riddler for the first, Zero Year,agreeing tale by ...\" width=\"206\" height=\"275\" \/>Al\u00e9m de Robert Pattinson, o ator Paul Dano foi escalado para viver o vil\u00e3o <strong>Charada<\/strong>, sugerindo que podemos ver a\u00ed uma adapta\u00e7\u00e3o de <em><strong>Batman: Ano Zero<\/strong> <\/em>de <strong>Scott Snyder<\/strong> ou <em><strong>Batman: Tera Um<\/strong> <\/em>de <strong>Geoff Johns,<\/strong> apesar de muito indicar que o filme se inspirar\u00e1 em <em><strong>Batman: O Longo Dia das Bruxas<\/strong><\/em> e ter\u00e1 o surgimento do <strong>Duas-Caras<\/strong>. O ator diz que j\u00e1 leu o roteiro do filme e que foi surpreendido positivamente.<\/p>\n<p>Mas enquanto aguardamos novidades sobre as grava\u00e7\u00f5es em si, acompanhamos as artes feitas pelos f\u00e3s como esta do j\u00e1 conhecido artista digital Tiago DaTrinti que ganhou destaque por parecer bem verdadeira pondo Robert Pattinson vestido de Batman no centro, Jeffrey Wright como o Detetive Jim Gordon \u00e0 esquerda e <strong>Zoe Kravitz<\/strong> como a ladra <strong>Mulher-Gato<\/strong> \u00e0 direita num uniforme que n\u00e3o \u00e9 o oficial, mas que lembra muito o usado por <strong>Selina Kyle<\/strong> em <em>Batman: O Longo Dia das Bruxas<\/em>, mas com um design semelhante ao dos recentes filmes de super-her\u00f3is da Marvel.<img decoding=\"async\" src=\"https:\/\/ovicio.com.br\/wp-content\/uploads\/2020\/06\/20200609-batman-art.jpg\" alt=\"The Batman&quot; ganha incr\u00edvel arte feita por f\u00e3\" \/><\/p>\n<p>E pra terminar, vamos com as not\u00edcias mais recentes que sugerem que este <em>reboot<\/em>\u00a0<em> The Batman<\/em> planejado pelo diretor Matt Reeves vir\u00e1 como uma trilogia e que o segundo filme pode vir a adaptar <em>A Piada Mortal <\/em>tendo o Coringa como o principal vil\u00e3o. Mas, apesar do recente filme <em><strong>Coringa<\/strong><\/em>\u00a0ter feito muito sucesso e ter levemente se inspirado em detalhes de <em>A Piada Mortal<\/em>, nada indica que o ator <strong>Joaquin Phoenix<\/strong> volte para o papel, especialmente neste universo que est\u00e1 sendo constru\u00eddo para <em>The Batman<\/em> por Matt Reeves.<img decoding=\"async\" src=\"https:\/\/www.tenhomaisdiscosqueamigos.com\/wp-content\/uploads\/2019\/09\/Joaquin-Phoenix-como-Coringa-Joker-1280x720.jpg\" alt=\"Joaquin Phoenix fala sobre ter &quot;enlouquecido&quot; para viver o Coringa ...\" \/><\/p>\n<p>O filme tamb\u00e9m ter\u00e1 <strong>Andy Serkis<\/strong> como o mordomo <strong>Alfred Pennnyworth<\/strong>\u00a0e tem estreia marcada para 1\u00ba de outubro de 2021! O que voc\u00ea mais espera para este filme? Gostou do Batm\u00f3vel? Est\u00e1 confiante na escolha de Robert Pattinson como o Batman e de Paul Dano como o Charada? Deixe a\u00ed nos coment\u00e1rios, n\u00e3o esquece de curtir o v\u00eddeo e compartilhar para seus amigos que gostam de Batman e que tamb\u00e9m est\u00e3o ansiosos pelo filme e de se inscrever no canal para muito mais novidades de Batman e outros filmes de super-her\u00f3is! Tchau!<\/p>\n","protected":false},"excerpt":{"rendered":"<p>The Batman ser\u00e1 uma trilogia e ter\u00e1 um novo Coringa? Primeira sequ\u00eancia pode adaptar A Piada Mortal? Paul Dano conta que foi surpreendido pelo roteiro do filme, Robert Pattinson admite n\u00e3o estar malhando para o papel e que descobriu que foi escalado durante a grava\u00e7\u00e3o de Tenet. Confira tamb\u00e9m a incr\u00edvel arte de DaTrinti , [&hellip;]<\/p>\n","protected":false},"author":3,"featured_media":11633,"comment_status":"open","ping_status":"open","sticky":false,"template":"","format":"standard","meta":{"_mi_skip_tracking":false,"_exactmetrics_sitenote_active":false,"_exactmetrics_sitenote_note":"","_exactmetrics_sitenote_category":0,"footnotes":""},"categories":[590,29],"tags":[868,599,852,691,864,859,856,834,862,331,851,850,867,866,288,857,858,853,865,855,869,861,854,860,863],"class_list":["post-11632","post","type-post","status-publish","format-standard","has-post-thumbnail","hentry","category-dc","category-filmes","tag-apiadamortal","tag-batman","tag-batmovel","tag-brucewayne","tag-catwoman","tag-charada","tag-christophernolan","tag-coringa","tag-datrinti","tag-dc","tag-gordon","tag-jeffreywright","tag-joaquinphoenix","tag-joker","tag-matthew-rhys","tag-mattreeves","tag-pauldano","tag-robertpattinson","tag-selinakyle","tag-tenet","tag-thekillingjoke","tag-thelonghalloween","tag-twilight","tag-zeroyear","tag-zoekravitz"],"_links":{"self":[{"href":"https:\/\/terranerdica.com.br\/index.php\/wp-json\/wp\/v2\/posts\/11632"}],"collection":[{"href":"https:\/\/terranerdica.com.br\/index.php\/wp-json\/wp\/v2\/posts"}],"about":[{"href":"https:\/\/terranerdica.com.br\/index.php\/wp-json\/wp\/v2\/types\/post"}],"author":[{"embeddable":true,"href":"https:\/\/terranerdica.com.br\/index.php\/wp-json\/wp\/v2\/users\/3"}],"replies":[{"embeddable":true,"href":"https:\/\/terranerdica.com.br\/index.php\/wp-json\/wp\/v2\/comments?post=11632"}],"version-history":[{"count":3,"href":"https:\/\/terranerdica.com.br\/index.php\/wp-json\/wp\/v2\/posts\/11632\/revisions"}],"predecessor-version":[{"id":11667,"href":"https:\/\/terranerdica.com.br\/index.php\/wp-json\/wp\/v2\/posts\/11632\/revisions\/11667"}],"wp:featuredmedia":[{"embeddable":true,"href":"https:\/\/terranerdica.com.br\/index.php\/wp-json\/wp\/v2\/media\/11633"}],"wp:attachment":[{"href":"https:\/\/terranerdica.com.br\/index.php\/wp-json\/wp\/v2\/media?parent=11632"}],"wp:term":[{"taxonomy":"category","embeddable":true,"href":"https:\/\/terranerdica.com.br\/index.php\/wp-json\/wp\/v2\/categories?post=11632"},{"taxonomy":"post_tag","embeddable":true,"href":"https:\/\/terranerdica.com.br\/index.php\/wp-json\/wp\/v2\/tags?post=11632"}],"curies":[{"name":"wp","href":"https:\/\/api.w.org\/{rel}","templated":true}]}}